{"id":14500,"date":"2020-11-25T12:53:58","date_gmt":"2020-11-25T12:53:58","guid":{"rendered":"https:\/\/www.ifcplp.org\/?p=14500"},"modified":"2020-11-25T14:57:54","modified_gmt":"2020-11-25T14:57:54","slug":"anej-e-o-ifcplp-promovem-cursos-de-formacao-e-qualificacao-na-guine-bissau","status":"publish","type":"post","link":"https:\/\/www.ifcplp.org\/2020\/11\/25\/anej-e-o-ifcplp-promovem-cursos-de-formacao-e-qualificacao-na-guine-bissau\/","title":{"rendered":"ANEJ e o IFCPLP promovem cursos de forma\u00e7\u00e3o e qualifica\u00e7\u00e3o na Guin\u00e9-Bissau"},"content":{"rendered":"\n<p><strong>A ANEJ \u2013 Ag\u00eancia Nacional de Empreendedorismo Juvenil da Guin\u00e9-Bissau e o Instituto de Forma\u00e7\u00e3o da CPLP da Guin\u00e9-Bissau, no \u00e2mbito do protocolo de colabora\u00e7\u00e3o j\u00e1 estabelecido, est\u00e3o a promover v\u00e1rios cursos de forma\u00e7\u00e3o, qualifica\u00e7\u00e3o e valoriza\u00e7\u00e3o profissional.<\/strong><\/p>\n\n\n\n<p>Os cursos, com dura\u00e7\u00e3o de 25 horas cada, ser\u00e3o iguais \u00e0 forma\u00e7\u00e3o ministrada pelo Instituto de Forma\u00e7\u00e3o em Portugal, forma\u00e7\u00e3o essa certificada pela DGERT (do Minist\u00e9rio do Trabalho, Solidariedade e Seguran\u00e7a Social Portugu\u00eas).<\/p>\n\n\n\n<p>A forma\u00e7\u00e3o decorrer\u00e1 nas instala\u00e7\u00f5es da ANEJ, ao lado Minist\u00e9rio da Educa\u00e7\u00e3o.<\/p>\n\n\n\n<p><strong>CURSOS<\/strong> | 25 HORAS<\/p>\n\n\n\n<ul><li>Ingl\u00eas<\/li><li>Gest\u00e3o Projetos<\/li><li>T\u00e9cnicas de Recrutamento e Sele\u00e7\u00e3o de Pessoal<\/li><li>Empreendedorismo<\/li><li>Hotelaria e Restaura\u00e7\u00e3o &#8211; L\u00ednguas<\/li><li>Marketing Digital e Redes Sociais<\/li><\/ul>\n\n\n\n<p><strong>Para mais informa\u00e7\u00f5es contactar:<\/strong><\/p>\n\n\n\n<ul><li><strong>ANEJ<\/strong>: Telefones: 955864017 \/ 965012302 &#8211; E-mail: <a href=\"mailto:formacaoprof.anej@gmail.com\">formacaoprof.anej@gmail.com<\/a><\/li><li><strong>IFCPLP\/GB<\/strong>: Telefones: 956224727 \/ 965152593 &#8211; E-mail: <a href=\"mailto:jose.vicente@ifcplp.org\">jose.vicente@ifcplp.org<\/a><\/li><\/ul>\n\n\n\n<div style=\"height:23px\" aria-hidden=\"true\" class=\"wp-block-spacer\"><\/div>\n\n\n\n<figure class=\"wp-block-image size-large\"><img width=\"633\" height=\"1024\" src=\"https:\/\/www.ifcplp.org\/wp-content\/uploads\/2020\/11\/Formacao-Guine-Bissau-1-633x1024.jpg\" alt=\"\" class=\"wp-image-14507\" srcset=\"https:\/\/www.ifcplp.org\/wp-content\/uploads\/2020\/11\/Formacao-Guine-Bissau-1-633x1024.jpg 633w, https:\/\/www.ifcplp.org\/wp-content\/uploads\/2020\/11\/Formacao-Guine-Bissau-1-600x970.jpg 600w, https:\/\/www.ifcplp.org\/wp-content\/uploads\/2020\/11\/Formacao-Guine-Bissau-1-400x647.jpg 400w\" sizes=\"(max-width: 633px) 100vw, 633px\" \/><\/figure>\n\n\n\n<div style=\"height:20px\" aria-hidden=\"true\" class=\"wp-block-spacer\"><\/div>\n<!-- AddThis Advanced Settings generic via filter on the_content --><!-- AddThis Share Buttons generic via filter on the_content -->","protected":false},"excerpt":{"rendered":"<p>A ANEJ \u2013 Ag\u00eancia Nacional de Empreendedorismo Juvenil da Guin\u00e9-Bissau e o Instituto de Forma\u00e7\u00e3o da CPLP da Guin\u00e9-Bissau, no \u00e2mbito do protocolo de colabora\u00e7\u00e3o j\u00e1 estabelecido, est\u00e3o a promover v\u00e1rios cursos de forma\u00e7\u00e3o, qualifica\u00e7\u00e3o e valoriza\u00e7\u00e3o profissional.<!-- AddThis Advanced Settings generic via filter on wp_trim_excerpt --><!-- AddThis Share Buttons generic via filter on wp_trim_excerpt --><\/p>\n","protected":false},"author":1,"featured_media":14503,"comment_status":"closed","ping_status":"closed","sticky":false,"template":"","format":"standard","meta":[],"categories":[77],"tags":[],"featured_image_src":{"landsacpe":["https:\/\/www.ifcplp.org\/wp-content\/uploads\/2020\/11\/Formacao-Guine-Bissau-1140x445.jpg",1140,445,true],"list":["https:\/\/www.ifcplp.org\/wp-content\/uploads\/2020\/11\/Formacao-Guine-Bissau-463x348.jpg",463,348,true],"medium":["https:\/\/www.ifcplp.org\/wp-content\/uploads\/2020\/11\/Formacao-Guine-Bissau-300x200.jpg",300,200,true],"full":["https:\/\/www.ifcplp.org\/wp-content\/uploads\/2020\/11\/Formacao-Guine-Bissau.jpg",1600,1067,false]},"yoast_head":"<!-- This site is optimized with the Yoast SEO plugin v15.8 - https:\/\/yoast.com\/wordpress\/plugins\/seo\/ -->\n<title>ANEJ e o IFCPLP promovem cursos de forma\u00e7\u00e3o e qualifica\u00e7\u00e3o na Guin\u00e9-Bissau - IF-CECPLP<\/title>\n<meta name=\"robots\" content=\"index, follow, max-snippet:-1, max-image-preview:large, max-video-preview:-1\" \/>\n<link rel=\"canonical\" href=\"http:\/\/www.ifcplp.org\/2020\/11\/25\/anej-e-o-ifcplp-promovem-cursos-de-formacao-e-qualificacao-na-guine-bissau\/\" \/>\n<meta property=\"og:locale\" content=\"pt_PT\" \/>\n<meta property=\"og:type\" content=\"article\" \/>\n<meta property=\"og:title\" content=\"ANEJ e o IFCPLP promovem cursos de forma\u00e7\u00e3o e qualifica\u00e7\u00e3o na Guin\u00e9-Bissau - IF-CECPLP\" \/>\n<meta property=\"og:description\" content=\"A ANEJ \u2013 Ag\u00eancia Nacional de Empreendedorismo Juvenil da Guin\u00e9-Bissau e o Instituto de Forma\u00e7\u00e3o da CPLP da Guin\u00e9-Bissau, no \u00e2mbito do protocolo de colabora\u00e7\u00e3o j\u00e1 estabelecido, est\u00e3o a promover v\u00e1rios cursos de forma\u00e7\u00e3o, qualifica\u00e7\u00e3o e valoriza\u00e7\u00e3o profissional.\" \/>\n<meta property=\"og:url\" content=\"http:\/\/www.ifcplp.org\/2020\/11\/25\/anej-e-o-ifcplp-promovem-cursos-de-formacao-e-qualificacao-na-guine-bissau\/\" \/>\n<meta property=\"og:site_name\" content=\"IF-CECPLP\" \/>\n<meta property=\"article:publisher\" content=\"https:\/\/www.facebook.com\/Instituto-de-Forma%c3%a7%c3%a3o-dos-Pa%c3%adses-de-L%c3%adngua-Portuguesa-576908179123903\/\" \/>\n<meta property=\"article:published_time\" content=\"2020-11-25T12:53:58+00:00\" \/>\n<meta property=\"article:modified_time\" content=\"2020-11-25T14:57:54+00:00\" \/>\n<meta property=\"og:image\" content=\"https:\/\/www.ifcplp.org\/wp-content\/uploads\/2020\/11\/Formacao-Guine-Bissau.jpg\" \/>\n\t<meta property=\"og:image:width\" content=\"1600\" \/>\n\t<meta property=\"og:image:height\" content=\"1067\" \/>\n<meta name=\"twitter:card\" content=\"summary_large_image\" \/>\n<meta name=\"twitter:label1\" content=\"Est. reading time\">\n\t<meta name=\"twitter:data1\" content=\"1 minuto\">\n<script type=\"application\/ld+json\" class=\"yoast-schema-graph\">{\"@context\":\"https:\/\/schema.org\",\"@graph\":[{\"@type\":\"Organization\",\"@id\":\"https:\/\/www.ifcplp.org\/#organization\",\"name\":\"Instituto de Forma\\u00e7\\u00e3o Paises de L\\u00edngua Oficial Portuguesa\",\"url\":\"https:\/\/www.ifcplp.org\/\",\"sameAs\":[\"https:\/\/www.facebook.com\/Instituto-de-Forma\\u00e7\\u00e3o-dos-Pa\\u00edses-de-L\\u00edngua-Portuguesa-576908179123903\/\",\"https:\/\/www.youtube.com\/channel\/UC7ij4_ImA2Aqe0An9Zb4N3w\"],\"logo\":{\"@type\":\"ImageObject\",\"@id\":\"https:\/\/www.ifcplp.org\/#logo\",\"inLanguage\":\"pt-PT\",\"url\":\"https:\/\/www.ifcplp.org\/wp-content\/uploads\/2020\/05\/Instituto-Formacao-PLOP_alt.png\",\"width\":499,\"height\":176,\"caption\":\"Instituto de Forma\\u00e7\\u00e3o Paises de L\\u00edngua Oficial Portuguesa\"},\"image\":{\"@id\":\"https:\/\/www.ifcplp.org\/#logo\"}},{\"@type\":\"WebSite\",\"@id\":\"https:\/\/www.ifcplp.org\/#website\",\"url\":\"https:\/\/www.ifcplp.org\/\",\"name\":\"IF-CECPLP\",\"description\":\"Comunidade dos Pa\\u00edses de L\\u00edngua Portuguesa\",\"publisher\":{\"@id\":\"https:\/\/www.ifcplp.org\/#organization\"},\"potentialAction\":[{\"@type\":\"SearchAction\",\"target\":\"https:\/\/www.ifcplp.org\/?s={search_term_string}\",\"query-input\":\"required name=search_term_string\"}],\"inLanguage\":\"pt-PT\"},{\"@type\":\"ImageObject\",\"@id\":\"http:\/\/www.ifcplp.org\/2020\/11\/25\/anej-e-o-ifcplp-promovem-cursos-de-formacao-e-qualificacao-na-guine-bissau\/#primaryimage\",\"inLanguage\":\"pt-PT\",\"url\":\"https:\/\/www.ifcplp.org\/wp-content\/uploads\/2020\/11\/Formacao-Guine-Bissau.jpg\",\"width\":1600,\"height\":1067},{\"@type\":\"WebPage\",\"@id\":\"http:\/\/www.ifcplp.org\/2020\/11\/25\/anej-e-o-ifcplp-promovem-cursos-de-formacao-e-qualificacao-na-guine-bissau\/#webpage\",\"url\":\"http:\/\/www.ifcplp.org\/2020\/11\/25\/anej-e-o-ifcplp-promovem-cursos-de-formacao-e-qualificacao-na-guine-bissau\/\",\"name\":\"ANEJ e o IFCPLP promovem cursos de forma\\u00e7\\u00e3o e qualifica\\u00e7\\u00e3o na Guin\\u00e9-Bissau - IF-CECPLP\",\"isPartOf\":{\"@id\":\"https:\/\/www.ifcplp.org\/#website\"},\"primaryImageOfPage\":{\"@id\":\"http:\/\/www.ifcplp.org\/2020\/11\/25\/anej-e-o-ifcplp-promovem-cursos-de-formacao-e-qualificacao-na-guine-bissau\/#primaryimage\"},\"datePublished\":\"2020-11-25T12:53:58+00:00\",\"dateModified\":\"2020-11-25T14:57:54+00:00\",\"breadcrumb\":{\"@id\":\"http:\/\/www.ifcplp.org\/2020\/11\/25\/anej-e-o-ifcplp-promovem-cursos-de-formacao-e-qualificacao-na-guine-bissau\/#breadcrumb\"},\"inLanguage\":\"pt-PT\",\"potentialAction\":[{\"@type\":\"ReadAction\",\"target\":[\"http:\/\/www.ifcplp.org\/2020\/11\/25\/anej-e-o-ifcplp-promovem-cursos-de-formacao-e-qualificacao-na-guine-bissau\/\"]}]},{\"@type\":\"BreadcrumbList\",\"@id\":\"http:\/\/www.ifcplp.org\/2020\/11\/25\/anej-e-o-ifcplp-promovem-cursos-de-formacao-e-qualificacao-na-guine-bissau\/#breadcrumb\",\"itemListElement\":[{\"@type\":\"ListItem\",\"position\":1,\"item\":{\"@type\":\"WebPage\",\"@id\":\"https:\/\/www.ifcplp.org\/\",\"url\":\"https:\/\/www.ifcplp.org\/\",\"name\":\"In\\u00edcio\"}},{\"@type\":\"ListItem\",\"position\":2,\"item\":{\"@type\":\"WebPage\",\"@id\":\"http:\/\/www.ifcplp.org\/2020\/11\/25\/anej-e-o-ifcplp-promovem-cursos-de-formacao-e-qualificacao-na-guine-bissau\/\",\"url\":\"http:\/\/www.ifcplp.org\/2020\/11\/25\/anej-e-o-ifcplp-promovem-cursos-de-formacao-e-qualificacao-na-guine-bissau\/\",\"name\":\"ANEJ e o IFCPLP promovem cursos de forma\\u00e7\\u00e3o e qualifica\\u00e7\\u00e3o na Guin\\u00e9-Bissau\"}}]},{\"@type\":\"Article\",\"@id\":\"http:\/\/www.ifcplp.org\/2020\/11\/25\/anej-e-o-ifcplp-promovem-cursos-de-formacao-e-qualificacao-na-guine-bissau\/#article\",\"isPartOf\":{\"@id\":\"http:\/\/www.ifcplp.org\/2020\/11\/25\/anej-e-o-ifcplp-promovem-cursos-de-formacao-e-qualificacao-na-guine-bissau\/#webpage\"},\"author\":{\"@id\":\"https:\/\/www.ifcplp.org\/#\/schema\/person\/7fca82d4ae1171c20ce19f12bb92c4cb\"},\"headline\":\"ANEJ e o IFCPLP promovem cursos de forma\\u00e7\\u00e3o e qualifica\\u00e7\\u00e3o na Guin\\u00e9-Bissau\",\"datePublished\":\"2020-11-25T12:53:58+00:00\",\"dateModified\":\"2020-11-25T14:57:54+00:00\",\"mainEntityOfPage\":{\"@id\":\"http:\/\/www.ifcplp.org\/2020\/11\/25\/anej-e-o-ifcplp-promovem-cursos-de-formacao-e-qualificacao-na-guine-bissau\/#webpage\"},\"publisher\":{\"@id\":\"https:\/\/www.ifcplp.org\/#organization\"},\"image\":{\"@id\":\"http:\/\/www.ifcplp.org\/2020\/11\/25\/anej-e-o-ifcplp-promovem-cursos-de-formacao-e-qualificacao-na-guine-bissau\/#primaryimage\"},\"articleSection\":\"Forma\\u00e7\\u00e3o\",\"inLanguage\":\"pt-PT\"},{\"@type\":\"Person\",\"@id\":\"https:\/\/www.ifcplp.org\/#\/schema\/person\/7fca82d4ae1171c20ce19f12bb92c4cb\",\"name\":\"ifcplp\",\"image\":{\"@type\":\"ImageObject\",\"@id\":\"https:\/\/www.ifcplp.org\/#personlogo\",\"inLanguage\":\"pt-PT\",\"url\":\"https:\/\/secure.gravatar.com\/avatar\/1ad78f9eb99b8b1615e0745904b42ed7?s=96&d=mm&r=g\",\"caption\":\"ifcplp\"}}]}<\/script>\n<!-- \/ Yoast SEO plugin. -->","_links":{"self":[{"href":"https:\/\/www.ifcplp.org\/api\/wp\/v2\/posts\/14500"}],"collection":[{"href":"https:\/\/www.ifcplp.org\/api\/wp\/v2\/posts"}],"about":[{"href":"https:\/\/www.ifcplp.org\/api\/wp\/v2\/types\/post"}],"author":[{"embeddable":true,"href":"https:\/\/www.ifcplp.org\/api\/wp\/v2\/users\/1"}],"replies":[{"embeddable":true,"href":"https:\/\/www.ifcplp.org\/api\/wp\/v2\/comments?post=14500"}],"version-history":[{"count":19,"href":"https:\/\/www.ifcplp.org\/api\/wp\/v2\/posts\/14500\/revisions"}],"predecessor-version":[{"id":14523,"href":"https:\/\/www.ifcplp.org\/api\/wp\/v2\/posts\/14500\/revisions\/14523"}],"wp:featuredmedia":[{"embeddable":true,"href":"https:\/\/www.ifcplp.org\/api\/wp\/v2\/media\/14503"}],"wp:attachment":[{"href":"https:\/\/www.ifcplp.org\/api\/wp\/v2\/media?parent=14500"}],"wp:term":[{"taxonomy":"category","embeddable":true,"href":"https:\/\/www.ifcplp.org\/api\/wp\/v2\/categories?post=14500"},{"taxonomy":"post_tag","embeddable":true,"href":"https:\/\/www.ifcplp.org\/api\/wp\/v2\/tags?post=14500"}],"curies":[{"name":"wp","href":"https:\/\/api.w.org\/{rel}","templated":true}]}}