{"id":14925,"date":"2021-02-12T14:20:25","date_gmt":"2021-02-12T14:20:25","guid":{"rendered":"https:\/\/www.ifcplp.org\/?p=14925"},"modified":"2021-02-15T10:08:26","modified_gmt":"2021-02-15T10:08:26","slug":"aposte-na-sua-formacao-novos-desafios-exigem-novas-competencias","status":"publish","type":"post","link":"https:\/\/www.ifcplp.org\/2021\/02\/12\/aposte-na-sua-formacao-novos-desafios-exigem-novas-competencias\/","title":{"rendered":"Aposte na sua forma\u00e7\u00e3o! Novos desafios exigem novas compet\u00eancias."},"content":{"rendered":"\n<h4>O Instituto de Forma\u00e7\u00e3o \u00e9 uma entidade formadora certificada pela DGERT e focada em atingir resultados de excel\u00eancia, em contexto internacional.<\/h4>\n\n\n\n<p>O Instituto de Forma\u00e7\u00e3o j\u00e1 certificou milhares de formandos, tanto em Portugal como no universo da lusofonia.<\/p>\n\n\n\n<p>Em 2021, o Instituto de Forma\u00e7\u00e3o continua a apostar na qualifica\u00e7\u00e3o dos portugueses, contando com 3 novos projetos de forma\u00e7\u00e3o financiada (Norte, Centro e Alentejo) destinados a ativos empregados e desempregados. A oferta formativa centra-se em forma\u00e7\u00f5es modulares capazes de responder \u00e0s exig\u00eancias destes novos tempos.<\/p>\n\n\n\n<p>As Forma\u00e7\u00f5es Modulares Certificadas (FMC) s\u00e3o organizadas em Unidades de Forma\u00e7\u00e3o de Curta Dura\u00e7\u00e3o (UFCD) com o objetivo de promover o acesso a qualifica\u00e7\u00f5es atrav\u00e9s de percursos flex\u00edveis, modularizados e capitaliz\u00e1veis, tendo por base os referenciais do Cat\u00e1logo Nacional de Qualifica\u00e7\u00f5es.<\/p>\n\n\n\n<p>Estes cursos destinam-se a adultos\/as com idade igual ou superior a 18 anos, empregados\/as ou desempregados\/as que queiram melhorar as suas compet\u00eancias em dom\u00ednios de \u00e2mbito geral ou espec\u00edfico de uma profiss\u00e3o.<\/p>\n\n\n\n<p><a href=\"https:\/\/www.ifcplp.org\/formacao-certificada\/\">Consulte aqui as forma\u00e7\u00f5es dispon\u00edveis e inscreva-se!<\/a><\/p>\n\n\n\n<p>Para mais informa\u00e7\u00f5es contactar:<\/p>\n\n\n\n<ul><li>E-mail&nbsp;<a href=\"mailto:formacao@ifcplp.org\">formacao@ifcplp.org<\/a><\/li><li>Telefone&nbsp;<a href=\"tel:253485778\">253 485 778<\/a><\/li><\/ul>\n\n\n\n<div style=\"height:20px\" aria-hidden=\"true\" class=\"wp-block-spacer\"><\/div>\n\n\n\n<figure class=\"wp-block-image size-large\"><img width=\"1024\" height=\"1024\" src=\"https:\/\/www.ifcplp.org\/wp-content\/uploads\/2021\/02\/IFCPLP-Folheto-Formacao-Modular-Certificada-Website-1024x1024.jpg\" alt=\"\" class=\"wp-image-14935\" srcset=\"https:\/\/www.ifcplp.org\/wp-content\/uploads\/2021\/02\/IFCPLP-Folheto-Formacao-Modular-Certificada-Website-1024x1024.jpg 1024w, https:\/\/www.ifcplp.org\/wp-content\/uploads\/2021\/02\/IFCPLP-Folheto-Formacao-Modular-Certificada-Website-768x768.jpg 768w, https:\/\/www.ifcplp.org\/wp-content\/uploads\/2021\/02\/IFCPLP-Folheto-Formacao-Modular-Certificada-Website-600x600.jpg 600w, https:\/\/www.ifcplp.org\/wp-content\/uploads\/2021\/02\/IFCPLP-Folheto-Formacao-Modular-Certificada-Website-640x640.jpg 640w, https:\/\/www.ifcplp.org\/wp-content\/uploads\/2021\/02\/IFCPLP-Folheto-Formacao-Modular-Certificada-Website-400x400.jpg 400w\" sizes=\"(max-width: 1024px) 100vw, 1024px\" \/><\/figure>\n<!-- AddThis Advanced Settings generic via filter on the_content --><!-- AddThis Share Buttons generic via filter on the_content -->","protected":false},"excerpt":{"rendered":"<p>Em 2021, o Instituto de Forma\u00e7\u00e3o continua a apostar na qualifica\u00e7\u00e3o dos portugueses, contando com 3 novos projetos de forma\u00e7\u00e3o financiada (Norte, Centro e Alentejo) destinados a ativos empregados e desempregados. A oferta formativa centra-se em forma\u00e7\u00f5es modulares capazes de responder \u00e0s exig\u00eancias destes novos tempos.<!-- AddThis Advanced Settings generic via filter on wp_trim_excerpt --><!-- AddThis Share Buttons generic via filter on wp_trim_excerpt --><\/p>\n","protected":false},"author":1,"featured_media":14918,"comment_status":"closed","ping_status":"closed","sticky":false,"template":"","format":"standard","meta":[],"categories":[77],"tags":[],"featured_image_src":{"landsacpe":["https:\/\/www.ifcplp.org\/wp-content\/uploads\/2021\/02\/Ifcplp-Formacao_Modular-Certificada-Artigo-1140x445.jpg",1140,445,true],"list":["https:\/\/www.ifcplp.org\/wp-content\/uploads\/2021\/02\/Ifcplp-Formacao_Modular-Certificada-Artigo-463x348.jpg",463,348,true],"medium":["https:\/\/www.ifcplp.org\/wp-content\/uploads\/2021\/02\/Ifcplp-Formacao_Modular-Certificada-Artigo-300x200.jpg",300,200,true],"full":["https:\/\/www.ifcplp.org\/wp-content\/uploads\/2021\/02\/Ifcplp-Formacao_Modular-Certificada-Artigo.jpg",1600,1067,false]},"yoast_head":"<!-- This site is optimized with the Yoast SEO plugin v15.8 - https:\/\/yoast.com\/wordpress\/plugins\/seo\/ -->\n<title>Aposte na sua forma\u00e7\u00e3o! Novos desafios exigem novas compet\u00eancias. - IF-CECPLP<\/title>\n<meta name=\"robots\" content=\"index, follow, max-snippet:-1, max-image-preview:large, max-video-preview:-1\" \/>\n<link rel=\"canonical\" href=\"https:\/\/www.ifcplp.org\/2021\/02\/12\/aposte-na-sua-formacao-novos-desafios-exigem-novas-competencias\/\" \/>\n<meta property=\"og:locale\" content=\"pt_PT\" \/>\n<meta property=\"og:type\" content=\"article\" \/>\n<meta property=\"og:title\" content=\"Aposte na sua forma\u00e7\u00e3o! Novos desafios exigem novas compet\u00eancias. - IF-CECPLP\" \/>\n<meta property=\"og:description\" content=\"Em 2021, o Instituto de Forma\u00e7\u00e3o continua a apostar na qualifica\u00e7\u00e3o dos portugueses, contando com 3 novos projetos de forma\u00e7\u00e3o financiada (Norte, Centro e Alentejo) destinados a ativos empregados e desempregados. A oferta formativa centra-se em forma\u00e7\u00f5es modulares capazes de responder \u00e0s exig\u00eancias destes novos tempos.\" \/>\n<meta property=\"og:url\" content=\"https:\/\/www.ifcplp.org\/2021\/02\/12\/aposte-na-sua-formacao-novos-desafios-exigem-novas-competencias\/\" \/>\n<meta property=\"og:site_name\" content=\"IF-CECPLP\" \/>\n<meta property=\"article:publisher\" content=\"https:\/\/www.facebook.com\/Instituto-de-Forma%c3%a7%c3%a3o-dos-Pa%c3%adses-de-L%c3%adngua-Portuguesa-576908179123903\/\" \/>\n<meta property=\"article:published_time\" content=\"2021-02-12T14:20:25+00:00\" \/>\n<meta property=\"article:modified_time\" content=\"2021-02-15T10:08:26+00:00\" \/>\n<meta property=\"og:image\" content=\"https:\/\/www.ifcplp.org\/wp-content\/uploads\/2021\/02\/Ifcplp-Formacao_Modular-Certificada-Artigo.jpg\" \/>\n\t<meta property=\"og:image:width\" content=\"1600\" \/>\n\t<meta property=\"og:image:height\" content=\"1067\" \/>\n<meta name=\"twitter:card\" content=\"summary_large_image\" \/>\n<meta name=\"twitter:label1\" content=\"Est. reading time\">\n\t<meta name=\"twitter:data1\" content=\"1 minuto\">\n<script type=\"application\/ld+json\" class=\"yoast-schema-graph\">{\"@context\":\"https:\/\/schema.org\",\"@graph\":[{\"@type\":\"Organization\",\"@id\":\"https:\/\/www.ifcplp.org\/#organization\",\"name\":\"Instituto de Forma\\u00e7\\u00e3o Paises de L\\u00edngua Oficial Portuguesa\",\"url\":\"https:\/\/www.ifcplp.org\/\",\"sameAs\":[\"https:\/\/www.facebook.com\/Instituto-de-Forma\\u00e7\\u00e3o-dos-Pa\\u00edses-de-L\\u00edngua-Portuguesa-576908179123903\/\",\"https:\/\/www.youtube.com\/channel\/UC7ij4_ImA2Aqe0An9Zb4N3w\"],\"logo\":{\"@type\":\"ImageObject\",\"@id\":\"https:\/\/www.ifcplp.org\/#logo\",\"inLanguage\":\"pt-PT\",\"url\":\"https:\/\/www.ifcplp.org\/wp-content\/uploads\/2020\/05\/Instituto-Formacao-PLOP_alt.png\",\"width\":499,\"height\":176,\"caption\":\"Instituto de Forma\\u00e7\\u00e3o Paises de L\\u00edngua Oficial Portuguesa\"},\"image\":{\"@id\":\"https:\/\/www.ifcplp.org\/#logo\"}},{\"@type\":\"WebSite\",\"@id\":\"https:\/\/www.ifcplp.org\/#website\",\"url\":\"https:\/\/www.ifcplp.org\/\",\"name\":\"IF-CECPLP\",\"description\":\"Comunidade dos Pa\\u00edses de L\\u00edngua Portuguesa\",\"publisher\":{\"@id\":\"https:\/\/www.ifcplp.org\/#organization\"},\"potentialAction\":[{\"@type\":\"SearchAction\",\"target\":\"https:\/\/www.ifcplp.org\/?s={search_term_string}\",\"query-input\":\"required name=search_term_string\"}],\"inLanguage\":\"pt-PT\"},{\"@type\":\"ImageObject\",\"@id\":\"https:\/\/www.ifcplp.org\/2021\/02\/12\/aposte-na-sua-formacao-novos-desafios-exigem-novas-competencias\/#primaryimage\",\"inLanguage\":\"pt-PT\",\"url\":\"https:\/\/www.ifcplp.org\/wp-content\/uploads\/2021\/02\/Ifcplp-Formacao_Modular-Certificada-Artigo.jpg\",\"width\":1600,\"height\":1067},{\"@type\":\"WebPage\",\"@id\":\"https:\/\/www.ifcplp.org\/2021\/02\/12\/aposte-na-sua-formacao-novos-desafios-exigem-novas-competencias\/#webpage\",\"url\":\"https:\/\/www.ifcplp.org\/2021\/02\/12\/aposte-na-sua-formacao-novos-desafios-exigem-novas-competencias\/\",\"name\":\"Aposte na sua forma\\u00e7\\u00e3o! Novos desafios exigem novas compet\\u00eancias. - IF-CECPLP\",\"isPartOf\":{\"@id\":\"https:\/\/www.ifcplp.org\/#website\"},\"primaryImageOfPage\":{\"@id\":\"https:\/\/www.ifcplp.org\/2021\/02\/12\/aposte-na-sua-formacao-novos-desafios-exigem-novas-competencias\/#primaryimage\"},\"datePublished\":\"2021-02-12T14:20:25+00:00\",\"dateModified\":\"2021-02-15T10:08:26+00:00\",\"breadcrumb\":{\"@id\":\"https:\/\/www.ifcplp.org\/2021\/02\/12\/aposte-na-sua-formacao-novos-desafios-exigem-novas-competencias\/#breadcrumb\"},\"inLanguage\":\"pt-PT\",\"potentialAction\":[{\"@type\":\"ReadAction\",\"target\":[\"https:\/\/www.ifcplp.org\/2021\/02\/12\/aposte-na-sua-formacao-novos-desafios-exigem-novas-competencias\/\"]}]},{\"@type\":\"BreadcrumbList\",\"@id\":\"https:\/\/www.ifcplp.org\/2021\/02\/12\/aposte-na-sua-formacao-novos-desafios-exigem-novas-competencias\/#breadcrumb\",\"itemListElement\":[{\"@type\":\"ListItem\",\"position\":1,\"item\":{\"@type\":\"WebPage\",\"@id\":\"https:\/\/www.ifcplp.org\/\",\"url\":\"https:\/\/www.ifcplp.org\/\",\"name\":\"In\\u00edcio\"}},{\"@type\":\"ListItem\",\"position\":2,\"item\":{\"@type\":\"WebPage\",\"@id\":\"https:\/\/www.ifcplp.org\/2021\/02\/12\/aposte-na-sua-formacao-novos-desafios-exigem-novas-competencias\/\",\"url\":\"https:\/\/www.ifcplp.org\/2021\/02\/12\/aposte-na-sua-formacao-novos-desafios-exigem-novas-competencias\/\",\"name\":\"Aposte na sua forma\\u00e7\\u00e3o! Novos desafios exigem novas compet\\u00eancias.\"}}]},{\"@type\":\"Article\",\"@id\":\"https:\/\/www.ifcplp.org\/2021\/02\/12\/aposte-na-sua-formacao-novos-desafios-exigem-novas-competencias\/#article\",\"isPartOf\":{\"@id\":\"https:\/\/www.ifcplp.org\/2021\/02\/12\/aposte-na-sua-formacao-novos-desafios-exigem-novas-competencias\/#webpage\"},\"author\":{\"@id\":\"https:\/\/www.ifcplp.org\/#\/schema\/person\/7fca82d4ae1171c20ce19f12bb92c4cb\"},\"headline\":\"Aposte na sua forma\\u00e7\\u00e3o! Novos desafios exigem novas compet\\u00eancias.\",\"datePublished\":\"2021-02-12T14:20:25+00:00\",\"dateModified\":\"2021-02-15T10:08:26+00:00\",\"mainEntityOfPage\":{\"@id\":\"https:\/\/www.ifcplp.org\/2021\/02\/12\/aposte-na-sua-formacao-novos-desafios-exigem-novas-competencias\/#webpage\"},\"publisher\":{\"@id\":\"https:\/\/www.ifcplp.org\/#organization\"},\"image\":{\"@id\":\"https:\/\/www.ifcplp.org\/2021\/02\/12\/aposte-na-sua-formacao-novos-desafios-exigem-novas-competencias\/#primaryimage\"},\"articleSection\":\"Forma\\u00e7\\u00e3o\",\"inLanguage\":\"pt-PT\"},{\"@type\":\"Person\",\"@id\":\"https:\/\/www.ifcplp.org\/#\/schema\/person\/7fca82d4ae1171c20ce19f12bb92c4cb\",\"name\":\"ifcplp\",\"image\":{\"@type\":\"ImageObject\",\"@id\":\"https:\/\/www.ifcplp.org\/#personlogo\",\"inLanguage\":\"pt-PT\",\"url\":\"https:\/\/secure.gravatar.com\/avatar\/1ad78f9eb99b8b1615e0745904b42ed7?s=96&d=mm&r=g\",\"caption\":\"ifcplp\"}}]}<\/script>\n<!-- \/ Yoast SEO plugin. -->","_links":{"self":[{"href":"https:\/\/www.ifcplp.org\/api\/wp\/v2\/posts\/14925"}],"collection":[{"href":"https:\/\/www.ifcplp.org\/api\/wp\/v2\/posts"}],"about":[{"href":"https:\/\/www.ifcplp.org\/api\/wp\/v2\/types\/post"}],"author":[{"embeddable":true,"href":"https:\/\/www.ifcplp.org\/api\/wp\/v2\/users\/1"}],"replies":[{"embeddable":true,"href":"https:\/\/www.ifcplp.org\/api\/wp\/v2\/comments?post=14925"}],"version-history":[{"count":9,"href":"https:\/\/www.ifcplp.org\/api\/wp\/v2\/posts\/14925\/revisions"}],"predecessor-version":[{"id":14960,"href":"https:\/\/www.ifcplp.org\/api\/wp\/v2\/posts\/14925\/revisions\/14960"}],"wp:featuredmedia":[{"embeddable":true,"href":"https:\/\/www.ifcplp.org\/api\/wp\/v2\/media\/14918"}],"wp:attachment":[{"href":"https:\/\/www.ifcplp.org\/api\/wp\/v2\/media?parent=14925"}],"wp:term":[{"taxonomy":"category","embeddable":true,"href":"https:\/\/www.ifcplp.org\/api\/wp\/v2\/categories?post=14925"},{"taxonomy":"post_tag","embeddable":true,"href":"https:\/\/www.ifcplp.org\/api\/wp\/v2\/tags?post=14925"}],"curies":[{"name":"wp","href":"https:\/\/api.w.org\/{rel}","templated":true}]}}