{"id":1528,"date":"2015-01-14T16:40:23","date_gmt":"2015-01-14T16:40:23","guid":{"rendered":"http:\/\/sw-themes.com\/porto_dummy\/?p=1528"},"modified":"2016-09-16T10:34:01","modified_gmt":"2016-09-16T10:34:01","slug":"instituto-de-formacao-participa-no-2-forum-uniao-de-exportadores-da-cplp-comunidade-dos-paises-de-lingua-portuguesa","status":"publish","type":"post","link":"https:\/\/www.ifcplp.org\/2015\/01\/14\/instituto-de-formacao-participa-no-2-forum-uniao-de-exportadores-da-cplp-comunidade-dos-paises-de-lingua-portuguesa\/","title":{"rendered":"Instituto de Forma\u00e7\u00e3o participa no 2\u00b0 F\u00f3rum Uni\u00e3o de Exportadores da CPLP (Comunidade dos Pa\u00edses de L\u00edngua Portuguesa)"},"content":{"rendered":"<p style=\"text-align: justify;\"><strong>O Instituto<img class=\"alignright wp-image-4147 \" src=\"http:\/\/www.ifcplp.org\/wp-content\/uploads\/2016\/01\/IF-CPLP_39.jpg\" alt=\"\" width=\"426\" height=\"284\" \/> de Forma\u00e7\u00e3o da Comunidade dos Pa\u00edses de L\u00edngua Portuguesa participou no 2\u00ba F\u00f3rum de Exportadores da CPLP, nos dias 17 e 18 de Dezembro de 2015, no Parque de Exposi\u00e7\u00f5es de Braga, Portugal.<\/strong><\/p>\n<p style=\"text-align: justify;\">O 2\u00ba F\u00f3rum da UE-CPLP, iniciativa conjunta da Uni\u00e3o de Exportadores da CPLP (UE-CPLP) e da Confedera\u00e7\u00e3o Empresarial da CPLP (CE-CPLP) pretende constituir uma verdadeira plataforma de neg\u00f3cios e de coopera\u00e7\u00e3o, geradora de condi\u00e7\u00f5es para a cria\u00e7\u00e3o e consolida\u00e7\u00e3o de um espa\u00e7o permanente de apoio \u00e0 atividade ao empresariado lus\u00f3fono, estimulando trocas comerciais e a internacionaliza\u00e7\u00e3o.<\/p>\n<p style=\"text-align: justify;\">O Instituto de Forma\u00e7\u00e3o da Comunidade dos Pa\u00edses de L\u00edngua Portuguesa CRL \u00e9 uma cooperativa sem fins lucrativos de responsabilidade limitada e tem como membros fundadores: a CE-CPLP \u2013 Confedera\u00e7\u00e3o Empresarial da Comunidade dos Pa\u00edses de L\u00edngua Portuguesa, a UE-CPLP \u2013 Uni\u00e3o de Exportadores da Comunidade dos Pa\u00edses de L\u00edngua Portuguesa e a Associa\u00e7\u00e3o Empresarial de Fafe, Cabeceiras de Basto e Celorico de Basto.<\/p>\n<p style=\"text-align: justify;\">Este projeto assenta essencialmente numa coopera\u00e7\u00e3o ativa e integrante, entre todos os pa\u00edses do universo da lusofonia, promovendo a capacita\u00e7\u00e3o de institui\u00e7\u00f5es como associa\u00e7\u00f5es empresariais e c\u00e2maras de com\u00e9rcio, para serem estas a dinamizar as a\u00e7\u00f5es de forma\u00e7\u00e3o necess\u00e1rias ao desenvolvimento dos seus territ\u00f3rios. Tendo por base a experi\u00eancia reconhecida e comprovada dos seus fundadores neste dom\u00ednio, o Instituto de Forma\u00e7\u00e3o definiu como aposta estrat\u00e9gica o desenvolvimento da forma\u00e7\u00e3o em cinco \u00e1reas chave, nomeadamente: gest\u00e3o e estrat\u00e9gia empresarial; turismo, hotelaria e restaura\u00e7\u00e3o; agricultura; constru\u00e7\u00e3o civil e obras p\u00fablicas e sa\u00fade e bem estar.<\/p>\n<p>&nbsp;<\/p>\n<p>&nbsp;<\/p>\n<!-- AddThis Advanced Settings generic via filter on the_content --><!-- AddThis Share Buttons generic via filter on the_content -->","protected":false},"excerpt":{"rendered":"<p>O Instituto de Forma\u00e7\u00e3o da Comunidade dos Pa\u00edses de L\u00edngua Portuguesa participou no 2\u00ba F\u00f3rum de Exportadores da CPLP, nos dias 17 e 18 de Dezembro de 2015, no Parque de Exposi\u00e7\u00f5es de Braga, Portugal. O 2\u00ba F\u00f3rum da UE-CPLP, iniciativa conjunta da Uni\u00e3o de Exportadores da CPLP (UE-CPLP) e da Confedera\u00e7\u00e3o Empresarial da CPLP [&hellip;]<!-- AddThis Advanced Settings generic via filter on wp_trim_excerpt --><!-- AddThis Share Buttons generic via filter on wp_trim_excerpt --><\/p>\n","protected":false},"author":1,"featured_media":4148,"comment_status":"closed","ping_status":"closed","sticky":false,"template":"","format":"standard","meta":[],"categories":[72],"tags":[],"featured_image_src":{"landsacpe":["https:\/\/www.ifcplp.org\/wp-content\/uploads\/2016\/01\/IF-CPLP_40-1000x445.jpg",1000,445,true],"list":["https:\/\/www.ifcplp.org\/wp-content\/uploads\/2016\/01\/IF-CPLP_40-463x348.jpg",463,348,true],"medium":["https:\/\/www.ifcplp.org\/wp-content\/uploads\/2016\/01\/IF-CPLP_40-300x200.jpg",300,200,true],"full":["https:\/\/www.ifcplp.org\/wp-content\/uploads\/2016\/01\/IF-CPLP_40.jpg",1000,667,false]},"yoast_head":"<!-- This site is optimized with the Yoast SEO plugin v15.8 - https:\/\/yoast.com\/wordpress\/plugins\/seo\/ -->\n<title>Instituto de Forma\u00e7\u00e3o participa no 2\u00b0 F\u00f3rum Uni\u00e3o de Exportadores da CPLP (Comunidade dos Pa\u00edses de L\u00edngua Portuguesa) - IF-CECPLP<\/title>\n<meta name=\"robots\" content=\"index, follow, max-snippet:-1, max-image-preview:large, max-video-preview:-1\" \/>\n<link rel=\"canonical\" href=\"https:\/\/www.ifcplp.org\/2015\/01\/14\/instituto-de-formacao-participa-no-2-forum-uniao-de-exportadores-da-cplp-comunidade-dos-paises-de-lingua-portuguesa\/\" \/>\n<meta property=\"og:locale\" content=\"pt_PT\" \/>\n<meta property=\"og:type\" content=\"article\" \/>\n<meta property=\"og:title\" content=\"Instituto de Forma\u00e7\u00e3o participa no 2\u00b0 F\u00f3rum Uni\u00e3o de Exportadores da CPLP (Comunidade dos Pa\u00edses de L\u00edngua Portuguesa) - IF-CECPLP\" \/>\n<meta property=\"og:description\" content=\"O Instituto de Forma\u00e7\u00e3o da Comunidade dos Pa\u00edses de L\u00edngua Portuguesa participou no 2\u00ba F\u00f3rum de Exportadores da CPLP, nos dias 17 e 18 de Dezembro de 2015, no Parque de Exposi\u00e7\u00f5es de Braga, Portugal. O 2\u00ba F\u00f3rum da UE-CPLP, iniciativa conjunta da Uni\u00e3o de Exportadores da CPLP (UE-CPLP) e da Confedera\u00e7\u00e3o Empresarial da CPLP [&hellip;]\" \/>\n<meta property=\"og:url\" content=\"https:\/\/www.ifcplp.org\/2015\/01\/14\/instituto-de-formacao-participa-no-2-forum-uniao-de-exportadores-da-cplp-comunidade-dos-paises-de-lingua-portuguesa\/\" \/>\n<meta property=\"og:site_name\" content=\"IF-CECPLP\" \/>\n<meta property=\"article:publisher\" content=\"https:\/\/www.facebook.com\/Instituto-de-Forma%c3%a7%c3%a3o-dos-Pa%c3%adses-de-L%c3%adngua-Portuguesa-576908179123903\/\" \/>\n<meta property=\"article:published_time\" content=\"2015-01-14T16:40:23+00:00\" \/>\n<meta property=\"article:modified_time\" content=\"2016-09-16T10:34:01+00:00\" \/>\n<meta property=\"og:image\" content=\"https:\/\/www.ifcplp.org\/wp-content\/uploads\/2016\/01\/IF-CPLP_40.jpg\" \/>\n\t<meta property=\"og:image:width\" content=\"1000\" \/>\n\t<meta property=\"og:image:height\" content=\"667\" \/>\n<meta name=\"twitter:card\" content=\"summary_large_image\" \/>\n<meta name=\"twitter:label1\" content=\"Est. reading time\">\n\t<meta name=\"twitter:data1\" content=\"1 minuto\">\n<script type=\"application\/ld+json\" class=\"yoast-schema-graph\">{\"@context\":\"https:\/\/schema.org\",\"@graph\":[{\"@type\":\"Organization\",\"@id\":\"https:\/\/www.ifcplp.org\/#organization\",\"name\":\"Instituto de Forma\\u00e7\\u00e3o Paises de L\\u00edngua Oficial Portuguesa\",\"url\":\"https:\/\/www.ifcplp.org\/\",\"sameAs\":[\"https:\/\/www.facebook.com\/Instituto-de-Forma\\u00e7\\u00e3o-dos-Pa\\u00edses-de-L\\u00edngua-Portuguesa-576908179123903\/\",\"https:\/\/www.youtube.com\/channel\/UC7ij4_ImA2Aqe0An9Zb4N3w\"],\"logo\":{\"@type\":\"ImageObject\",\"@id\":\"https:\/\/www.ifcplp.org\/#logo\",\"inLanguage\":\"pt-PT\",\"url\":\"https:\/\/www.ifcplp.org\/wp-content\/uploads\/2020\/05\/Instituto-Formacao-PLOP_alt.png\",\"width\":499,\"height\":176,\"caption\":\"Instituto de Forma\\u00e7\\u00e3o Paises de L\\u00edngua Oficial Portuguesa\"},\"image\":{\"@id\":\"https:\/\/www.ifcplp.org\/#logo\"}},{\"@type\":\"WebSite\",\"@id\":\"https:\/\/www.ifcplp.org\/#website\",\"url\":\"https:\/\/www.ifcplp.org\/\",\"name\":\"IF-CECPLP\",\"description\":\"Comunidade dos Pa\\u00edses de L\\u00edngua Portuguesa\",\"publisher\":{\"@id\":\"https:\/\/www.ifcplp.org\/#organization\"},\"potentialAction\":[{\"@type\":\"SearchAction\",\"target\":\"https:\/\/www.ifcplp.org\/?s={search_term_string}\",\"query-input\":\"required name=search_term_string\"}],\"inLanguage\":\"pt-PT\"},{\"@type\":\"ImageObject\",\"@id\":\"https:\/\/www.ifcplp.org\/2015\/01\/14\/instituto-de-formacao-participa-no-2-forum-uniao-de-exportadores-da-cplp-comunidade-dos-paises-de-lingua-portuguesa\/#primaryimage\",\"inLanguage\":\"pt-PT\",\"url\":\"https:\/\/www.ifcplp.org\/wp-content\/uploads\/2016\/01\/IF-CPLP_40.jpg\",\"width\":1000,\"height\":667},{\"@type\":\"WebPage\",\"@id\":\"https:\/\/www.ifcplp.org\/2015\/01\/14\/instituto-de-formacao-participa-no-2-forum-uniao-de-exportadores-da-cplp-comunidade-dos-paises-de-lingua-portuguesa\/#webpage\",\"url\":\"https:\/\/www.ifcplp.org\/2015\/01\/14\/instituto-de-formacao-participa-no-2-forum-uniao-de-exportadores-da-cplp-comunidade-dos-paises-de-lingua-portuguesa\/\",\"name\":\"Instituto de Forma\\u00e7\\u00e3o participa no 2\\u00b0 F\\u00f3rum Uni\\u00e3o de Exportadores da CPLP (Comunidade dos Pa\\u00edses de L\\u00edngua Portuguesa) - IF-CECPLP\",\"isPartOf\":{\"@id\":\"https:\/\/www.ifcplp.org\/#website\"},\"primaryImageOfPage\":{\"@id\":\"https:\/\/www.ifcplp.org\/2015\/01\/14\/instituto-de-formacao-participa-no-2-forum-uniao-de-exportadores-da-cplp-comunidade-dos-paises-de-lingua-portuguesa\/#primaryimage\"},\"datePublished\":\"2015-01-14T16:40:23+00:00\",\"dateModified\":\"2016-09-16T10:34:01+00:00\",\"breadcrumb\":{\"@id\":\"https:\/\/www.ifcplp.org\/2015\/01\/14\/instituto-de-formacao-participa-no-2-forum-uniao-de-exportadores-da-cplp-comunidade-dos-paises-de-lingua-portuguesa\/#breadcrumb\"},\"inLanguage\":\"pt-PT\",\"potentialAction\":[{\"@type\":\"ReadAction\",\"target\":[\"https:\/\/www.ifcplp.org\/2015\/01\/14\/instituto-de-formacao-participa-no-2-forum-uniao-de-exportadores-da-cplp-comunidade-dos-paises-de-lingua-portuguesa\/\"]}]},{\"@type\":\"BreadcrumbList\",\"@id\":\"https:\/\/www.ifcplp.org\/2015\/01\/14\/instituto-de-formacao-participa-no-2-forum-uniao-de-exportadores-da-cplp-comunidade-dos-paises-de-lingua-portuguesa\/#breadcrumb\",\"itemListElement\":[{\"@type\":\"ListItem\",\"position\":1,\"item\":{\"@type\":\"WebPage\",\"@id\":\"https:\/\/www.ifcplp.org\/\",\"url\":\"https:\/\/www.ifcplp.org\/\",\"name\":\"In\\u00edcio\"}},{\"@type\":\"ListItem\",\"position\":2,\"item\":{\"@type\":\"WebPage\",\"@id\":\"https:\/\/www.ifcplp.org\/2015\/01\/14\/instituto-de-formacao-participa-no-2-forum-uniao-de-exportadores-da-cplp-comunidade-dos-paises-de-lingua-portuguesa\/\",\"url\":\"https:\/\/www.ifcplp.org\/2015\/01\/14\/instituto-de-formacao-participa-no-2-forum-uniao-de-exportadores-da-cplp-comunidade-dos-paises-de-lingua-portuguesa\/\",\"name\":\"Instituto de Forma\\u00e7\\u00e3o participa no 2\\u00b0 F\\u00f3rum Uni\\u00e3o de Exportadores da CPLP (Comunidade dos Pa\\u00edses de L\\u00edngua Portuguesa)\"}}]},{\"@type\":\"Article\",\"@id\":\"https:\/\/www.ifcplp.org\/2015\/01\/14\/instituto-de-formacao-participa-no-2-forum-uniao-de-exportadores-da-cplp-comunidade-dos-paises-de-lingua-portuguesa\/#article\",\"isPartOf\":{\"@id\":\"https:\/\/www.ifcplp.org\/2015\/01\/14\/instituto-de-formacao-participa-no-2-forum-uniao-de-exportadores-da-cplp-comunidade-dos-paises-de-lingua-portuguesa\/#webpage\"},\"author\":{\"@id\":\"https:\/\/www.ifcplp.org\/#\/schema\/person\/7fca82d4ae1171c20ce19f12bb92c4cb\"},\"headline\":\"Instituto de Forma\\u00e7\\u00e3o participa no 2\\u00b0 F\\u00f3rum Uni\\u00e3o de Exportadores da CPLP (Comunidade dos Pa\\u00edses de L\\u00edngua Portuguesa)\",\"datePublished\":\"2015-01-14T16:40:23+00:00\",\"dateModified\":\"2016-09-16T10:34:01+00:00\",\"mainEntityOfPage\":{\"@id\":\"https:\/\/www.ifcplp.org\/2015\/01\/14\/instituto-de-formacao-participa-no-2-forum-uniao-de-exportadores-da-cplp-comunidade-dos-paises-de-lingua-portuguesa\/#webpage\"},\"publisher\":{\"@id\":\"https:\/\/www.ifcplp.org\/#organization\"},\"image\":{\"@id\":\"https:\/\/www.ifcplp.org\/2015\/01\/14\/instituto-de-formacao-participa-no-2-forum-uniao-de-exportadores-da-cplp-comunidade-dos-paises-de-lingua-portuguesa\/#primaryimage\"},\"articleSection\":\"F\\u00f3runs\",\"inLanguage\":\"pt-PT\"},{\"@type\":\"Person\",\"@id\":\"https:\/\/www.ifcplp.org\/#\/schema\/person\/7fca82d4ae1171c20ce19f12bb92c4cb\",\"name\":\"ifcplp\",\"image\":{\"@type\":\"ImageObject\",\"@id\":\"https:\/\/www.ifcplp.org\/#personlogo\",\"inLanguage\":\"pt-PT\",\"url\":\"https:\/\/secure.gravatar.com\/avatar\/1ad78f9eb99b8b1615e0745904b42ed7?s=96&d=mm&r=g\",\"caption\":\"ifcplp\"}}]}<\/script>\n<!-- \/ Yoast SEO plugin. -->","_links":{"self":[{"href":"https:\/\/www.ifcplp.org\/api\/wp\/v2\/posts\/1528"}],"collection":[{"href":"https:\/\/www.ifcplp.org\/api\/wp\/v2\/posts"}],"about":[{"href":"https:\/\/www.ifcplp.org\/api\/wp\/v2\/types\/post"}],"author":[{"embeddable":true,"href":"https:\/\/www.ifcplp.org\/api\/wp\/v2\/users\/1"}],"replies":[{"embeddable":true,"href":"https:\/\/www.ifcplp.org\/api\/wp\/v2\/comments?post=1528"}],"version-history":[{"count":15,"href":"https:\/\/www.ifcplp.org\/api\/wp\/v2\/posts\/1528\/revisions"}],"predecessor-version":[{"id":4236,"href":"https:\/\/www.ifcplp.org\/api\/wp\/v2\/posts\/1528\/revisions\/4236"}],"wp:featuredmedia":[{"embeddable":true,"href":"https:\/\/www.ifcplp.org\/api\/wp\/v2\/media\/4148"}],"wp:attachment":[{"href":"https:\/\/www.ifcplp.org\/api\/wp\/v2\/media?parent=1528"}],"wp:term":[{"taxonomy":"category","embeddable":true,"href":"https:\/\/www.ifcplp.org\/api\/wp\/v2\/categories?post=1528"},{"taxonomy":"post_tag","embeddable":true,"href":"https:\/\/www.ifcplp.org\/api\/wp\/v2\/tags?post=1528"}],"curies":[{"name":"wp","href":"https:\/\/api.w.org\/{rel}","templated":true}]}}