{"id":15370,"date":"2021-06-22T11:02:43","date_gmt":"2021-06-22T11:02:43","guid":{"rendered":"https:\/\/www.ifcplp.org\/?p=15370"},"modified":"2021-06-22T11:34:01","modified_gmt":"2021-06-22T11:34:01","slug":"fazer-ensino-profissional-em-portugal","status":"publish","type":"post","link":"https:\/\/www.ifcplp.org\/2021\/06\/22\/fazer-ensino-profissional-em-portugal\/","title":{"rendered":"Fazer Ensino Profissional em Portugal"},"content":{"rendered":"\n<h2>No \u00e2mbito das suas compet\u00eancias, o Instituto de Forma\u00e7\u00e3o, apoia a mobilidade dos jovens dentro do espa\u00e7o da CPLP, mais concretamente, proporcionando forma\u00e7\u00e3o profissional a jovens em idade escolar nas nossas escolas profissionais em Portugal para poderem fazer o 9\u00ba ano ou o 12\u00ba ano atrav\u00e9s de um CEF ou Curso Profissional, respetivamente.<\/h2>\n\n\n\n<p>Para o efeito, foi criada uma p\u00e1gina no site institucional <a href=\"http:\/\/www.ifcplp.org\">www.ifcplp.org<\/a> com informa\u00e7\u00e3o sobre o sistema educativo portugu\u00eas e sua organiza\u00e7\u00e3o gen\u00e9rica, com especial enfoque nos Cursos Profissionais (12\u00ba Ano) e nos Cursos de Educa\u00e7\u00e3o e Forma\u00e7\u00e3o \u2013 CEF (9\u00ba Ano). Na p\u00e1gina s\u00e3o apresentados todos os cursos dispon\u00edveis (Profissionais e CEF) e as escolas profissionais onde os mesmos s\u00e3o ministrados, assim como contactos para solicitar esclarecimentos e um formul\u00e1rio de pr\u00e9-inscri\u00e7\u00e3o.<\/p>\n\n\n\n<p>Consulte a p\u00e1gina neste link: <a href=\"https:\/\/www.ifcplp.org\/ensino-profissional\/\">https:\/\/www.ifcplp.org\/ensino-profissional\/<\/a><\/p>\n\n\n\n<div style=\"height:20px\" aria-hidden=\"true\" class=\"wp-block-spacer\"><\/div>\n\n\n\n<figure class=\"wp-block-image size-full\"><a href=\"https:\/\/www.ifcplp.org\/ensino-profissional\/\"><img width=\"1599\" height=\"498\" src=\"https:\/\/www.ifcplp.org\/wp-content\/uploads\/2021\/06\/banner-ensino-profissional-em-pt-ifcplp.jpg\" alt=\"\" class=\"wp-image-15372\" srcset=\"https:\/\/www.ifcplp.org\/wp-content\/uploads\/2021\/06\/banner-ensino-profissional-em-pt-ifcplp.jpg 1599w, https:\/\/www.ifcplp.org\/wp-content\/uploads\/2021\/06\/banner-ensino-profissional-em-pt-ifcplp-1024x319.jpg 1024w, https:\/\/www.ifcplp.org\/wp-content\/uploads\/2021\/06\/banner-ensino-profissional-em-pt-ifcplp-768x239.jpg 768w, https:\/\/www.ifcplp.org\/wp-content\/uploads\/2021\/06\/banner-ensino-profissional-em-pt-ifcplp-1536x478.jpg 1536w, https:\/\/www.ifcplp.org\/wp-content\/uploads\/2021\/06\/banner-ensino-profissional-em-pt-ifcplp-640x199.jpg 640w, https:\/\/www.ifcplp.org\/wp-content\/uploads\/2021\/06\/banner-ensino-profissional-em-pt-ifcplp-400x125.jpg 400w\" sizes=\"(max-width: 1599px) 100vw, 1599px\" \/><\/a><\/figure>\n<!-- AddThis Advanced Settings generic via filter on the_content --><!-- AddThis Share Buttons generic via filter on the_content -->","protected":false},"excerpt":{"rendered":"<p>No \u00e2mbito das suas compet\u00eancias, o Instituto de Forma\u00e7\u00e3o da CPLP, apoia a mobilidade dos jovens dentro do espa\u00e7o da CPLP, mais concretamente, proporcionando forma\u00e7\u00e3o profissional a jovens em idade escolar nas nossas escolas profissionais em Portugal para poderem fazer o 9\u00ba ano ou o 12\u00ba ano atrav\u00e9s de um CEF ou Curso Profissional, respetivamente.<!-- AddThis Advanced Settings generic via filter on wp_trim_excerpt --><!-- AddThis Share Buttons generic via filter on wp_trim_excerpt --><\/p>\n","protected":false},"author":1,"featured_media":15373,"comment_status":"closed","ping_status":"closed","sticky":false,"template":"","format":"standard","meta":[],"categories":[77],"tags":[],"featured_image_src":{"landsacpe":["https:\/\/www.ifcplp.org\/wp-content\/uploads\/2021\/06\/Estudar-em-Portugal-IFCPLP_web-1140x445.jpg",1140,445,true],"list":["https:\/\/www.ifcplp.org\/wp-content\/uploads\/2021\/06\/Estudar-em-Portugal-IFCPLP_web-463x348.jpg",463,348,true],"medium":["https:\/\/www.ifcplp.org\/wp-content\/uploads\/2021\/06\/Estudar-em-Portugal-IFCPLP_web-300x200.jpg",300,200,true],"full":["https:\/\/www.ifcplp.org\/wp-content\/uploads\/2021\/06\/Estudar-em-Portugal-IFCPLP_web.jpg",1600,1067,false]},"yoast_head":"<!-- This site is optimized with the Yoast SEO plugin v15.8 - https:\/\/yoast.com\/wordpress\/plugins\/seo\/ -->\n<title>Fazer Ensino Profissional em Portugal - IF-CECPLP<\/title>\n<meta name=\"robots\" content=\"index, follow, max-snippet:-1, max-image-preview:large, max-video-preview:-1\" \/>\n<link rel=\"canonical\" href=\"https:\/\/www.ifcplp.org\/2021\/06\/22\/fazer-ensino-profissional-em-portugal\/\" \/>\n<meta property=\"og:locale\" content=\"pt_PT\" \/>\n<meta property=\"og:type\" content=\"article\" \/>\n<meta property=\"og:title\" content=\"Fazer Ensino Profissional em Portugal - IF-CECPLP\" \/>\n<meta property=\"og:description\" content=\"No \u00e2mbito das suas compet\u00eancias, o Instituto de Forma\u00e7\u00e3o da CPLP, apoia a mobilidade dos jovens dentro do espa\u00e7o da CPLP, mais concretamente, proporcionando forma\u00e7\u00e3o profissional a jovens em idade escolar nas nossas escolas profissionais em Portugal para poderem fazer o 9\u00ba ano ou o 12\u00ba ano atrav\u00e9s de um CEF ou Curso Profissional, respetivamente.\" \/>\n<meta property=\"og:url\" content=\"https:\/\/www.ifcplp.org\/2021\/06\/22\/fazer-ensino-profissional-em-portugal\/\" \/>\n<meta property=\"og:site_name\" content=\"IF-CECPLP\" \/>\n<meta property=\"article:publisher\" content=\"https:\/\/www.facebook.com\/Instituto-de-Forma%c3%a7%c3%a3o-dos-Pa%c3%adses-de-L%c3%adngua-Portuguesa-576908179123903\/\" \/>\n<meta property=\"article:published_time\" content=\"2021-06-22T11:02:43+00:00\" \/>\n<meta property=\"article:modified_time\" content=\"2021-06-22T11:34:01+00:00\" \/>\n<meta property=\"og:image\" content=\"https:\/\/www.ifcplp.org\/wp-content\/uploads\/2021\/06\/Estudar-em-Portugal-IFCPLP_web.jpg\" \/>\n\t<meta property=\"og:image:width\" content=\"1600\" \/>\n\t<meta property=\"og:image:height\" content=\"1067\" \/>\n<meta name=\"twitter:card\" content=\"summary_large_image\" \/>\n<meta name=\"twitter:label1\" content=\"Est. reading time\">\n\t<meta name=\"twitter:data1\" content=\"1 minuto\">\n<script type=\"application\/ld+json\" class=\"yoast-schema-graph\">{\"@context\":\"https:\/\/schema.org\",\"@graph\":[{\"@type\":\"Organization\",\"@id\":\"https:\/\/www.ifcplp.org\/#organization\",\"name\":\"Instituto de Forma\\u00e7\\u00e3o Paises de L\\u00edngua Oficial Portuguesa\",\"url\":\"https:\/\/www.ifcplp.org\/\",\"sameAs\":[\"https:\/\/www.facebook.com\/Instituto-de-Forma\\u00e7\\u00e3o-dos-Pa\\u00edses-de-L\\u00edngua-Portuguesa-576908179123903\/\",\"https:\/\/www.youtube.com\/channel\/UC7ij4_ImA2Aqe0An9Zb4N3w\"],\"logo\":{\"@type\":\"ImageObject\",\"@id\":\"https:\/\/www.ifcplp.org\/#logo\",\"inLanguage\":\"pt-PT\",\"url\":\"https:\/\/www.ifcplp.org\/wp-content\/uploads\/2020\/05\/Instituto-Formacao-PLOP_alt.png\",\"width\":499,\"height\":176,\"caption\":\"Instituto de Forma\\u00e7\\u00e3o Paises de L\\u00edngua Oficial Portuguesa\"},\"image\":{\"@id\":\"https:\/\/www.ifcplp.org\/#logo\"}},{\"@type\":\"WebSite\",\"@id\":\"https:\/\/www.ifcplp.org\/#website\",\"url\":\"https:\/\/www.ifcplp.org\/\",\"name\":\"IF-CECPLP\",\"description\":\"Comunidade dos Pa\\u00edses de L\\u00edngua Portuguesa\",\"publisher\":{\"@id\":\"https:\/\/www.ifcplp.org\/#organization\"},\"potentialAction\":[{\"@type\":\"SearchAction\",\"target\":\"https:\/\/www.ifcplp.org\/?s={search_term_string}\",\"query-input\":\"required name=search_term_string\"}],\"inLanguage\":\"pt-PT\"},{\"@type\":\"ImageObject\",\"@id\":\"https:\/\/www.ifcplp.org\/2021\/06\/22\/fazer-ensino-profissional-em-portugal\/#primaryimage\",\"inLanguage\":\"pt-PT\",\"url\":\"https:\/\/www.ifcplp.org\/wp-content\/uploads\/2021\/06\/Estudar-em-Portugal-IFCPLP_web.jpg\",\"width\":1600,\"height\":1067},{\"@type\":\"WebPage\",\"@id\":\"https:\/\/www.ifcplp.org\/2021\/06\/22\/fazer-ensino-profissional-em-portugal\/#webpage\",\"url\":\"https:\/\/www.ifcplp.org\/2021\/06\/22\/fazer-ensino-profissional-em-portugal\/\",\"name\":\"Fazer Ensino Profissional em Portugal - IF-CECPLP\",\"isPartOf\":{\"@id\":\"https:\/\/www.ifcplp.org\/#website\"},\"primaryImageOfPage\":{\"@id\":\"https:\/\/www.ifcplp.org\/2021\/06\/22\/fazer-ensino-profissional-em-portugal\/#primaryimage\"},\"datePublished\":\"2021-06-22T11:02:43+00:00\",\"dateModified\":\"2021-06-22T11:34:01+00:00\",\"breadcrumb\":{\"@id\":\"https:\/\/www.ifcplp.org\/2021\/06\/22\/fazer-ensino-profissional-em-portugal\/#breadcrumb\"},\"inLanguage\":\"pt-PT\",\"potentialAction\":[{\"@type\":\"ReadAction\",\"target\":[\"https:\/\/www.ifcplp.org\/2021\/06\/22\/fazer-ensino-profissional-em-portugal\/\"]}]},{\"@type\":\"BreadcrumbList\",\"@id\":\"https:\/\/www.ifcplp.org\/2021\/06\/22\/fazer-ensino-profissional-em-portugal\/#breadcrumb\",\"itemListElement\":[{\"@type\":\"ListItem\",\"position\":1,\"item\":{\"@type\":\"WebPage\",\"@id\":\"https:\/\/www.ifcplp.org\/\",\"url\":\"https:\/\/www.ifcplp.org\/\",\"name\":\"In\\u00edcio\"}},{\"@type\":\"ListItem\",\"position\":2,\"item\":{\"@type\":\"WebPage\",\"@id\":\"https:\/\/www.ifcplp.org\/2021\/06\/22\/fazer-ensino-profissional-em-portugal\/\",\"url\":\"https:\/\/www.ifcplp.org\/2021\/06\/22\/fazer-ensino-profissional-em-portugal\/\",\"name\":\"Fazer Ensino Profissional em Portugal\"}}]},{\"@type\":\"Article\",\"@id\":\"https:\/\/www.ifcplp.org\/2021\/06\/22\/fazer-ensino-profissional-em-portugal\/#article\",\"isPartOf\":{\"@id\":\"https:\/\/www.ifcplp.org\/2021\/06\/22\/fazer-ensino-profissional-em-portugal\/#webpage\"},\"author\":{\"@id\":\"https:\/\/www.ifcplp.org\/#\/schema\/person\/7fca82d4ae1171c20ce19f12bb92c4cb\"},\"headline\":\"Fazer Ensino Profissional em Portugal\",\"datePublished\":\"2021-06-22T11:02:43+00:00\",\"dateModified\":\"2021-06-22T11:34:01+00:00\",\"mainEntityOfPage\":{\"@id\":\"https:\/\/www.ifcplp.org\/2021\/06\/22\/fazer-ensino-profissional-em-portugal\/#webpage\"},\"publisher\":{\"@id\":\"https:\/\/www.ifcplp.org\/#organization\"},\"image\":{\"@id\":\"https:\/\/www.ifcplp.org\/2021\/06\/22\/fazer-ensino-profissional-em-portugal\/#primaryimage\"},\"articleSection\":\"Forma\\u00e7\\u00e3o\",\"inLanguage\":\"pt-PT\"},{\"@type\":\"Person\",\"@id\":\"https:\/\/www.ifcplp.org\/#\/schema\/person\/7fca82d4ae1171c20ce19f12bb92c4cb\",\"name\":\"ifcplp\",\"image\":{\"@type\":\"ImageObject\",\"@id\":\"https:\/\/www.ifcplp.org\/#personlogo\",\"inLanguage\":\"pt-PT\",\"url\":\"https:\/\/secure.gravatar.com\/avatar\/1ad78f9eb99b8b1615e0745904b42ed7?s=96&d=mm&r=g\",\"caption\":\"ifcplp\"}}]}<\/script>\n<!-- \/ Yoast SEO plugin. -->","_links":{"self":[{"href":"https:\/\/www.ifcplp.org\/api\/wp\/v2\/posts\/15370"}],"collection":[{"href":"https:\/\/www.ifcplp.org\/api\/wp\/v2\/posts"}],"about":[{"href":"https:\/\/www.ifcplp.org\/api\/wp\/v2\/types\/post"}],"author":[{"embeddable":true,"href":"https:\/\/www.ifcplp.org\/api\/wp\/v2\/users\/1"}],"replies":[{"embeddable":true,"href":"https:\/\/www.ifcplp.org\/api\/wp\/v2\/comments?post=15370"}],"version-history":[{"count":5,"href":"https:\/\/www.ifcplp.org\/api\/wp\/v2\/posts\/15370\/revisions"}],"predecessor-version":[{"id":15378,"href":"https:\/\/www.ifcplp.org\/api\/wp\/v2\/posts\/15370\/revisions\/15378"}],"wp:featuredmedia":[{"embeddable":true,"href":"https:\/\/www.ifcplp.org\/api\/wp\/v2\/media\/15373"}],"wp:attachment":[{"href":"https:\/\/www.ifcplp.org\/api\/wp\/v2\/media?parent=15370"}],"wp:term":[{"taxonomy":"category","embeddable":true,"href":"https:\/\/www.ifcplp.org\/api\/wp\/v2\/categories?post=15370"},{"taxonomy":"post_tag","embeddable":true,"href":"https:\/\/www.ifcplp.org\/api\/wp\/v2\/tags?post=15370"}],"curies":[{"name":"wp","href":"https:\/\/api.w.org\/{rel}","templated":true}]}}