{"id":4194,"date":"2016-02-24T14:38:09","date_gmt":"2016-02-24T14:38:09","guid":{"rendered":"http:\/\/www.ifcplp.org\/?p=4194"},"modified":"2016-09-16T10:37:11","modified_gmt":"2016-09-16T10:37:11","slug":"o-instituto-de-formacao-da-cplp-if-cplp-esta-presente-no-1o-forum-economico-global-da-cplp-em-timor-leste","status":"publish","type":"post","link":"https:\/\/www.ifcplp.org\/2016\/02\/24\/o-instituto-de-formacao-da-cplp-if-cplp-esta-presente-no-1o-forum-economico-global-da-cplp-em-timor-leste\/","title":{"rendered":"O Instituto de Forma\u00e7\u00e3o da CPLP (IF-CPLP) esteve presente no 1\u00ba F\u00f3rum Econ\u00f3mico Global da CPLP, em Timor-Leste"},"content":{"rendered":"<p style=\"text-align: justify;\"><strong>O IF-CPLP participa no 1\u00ba F\u00f3rum Econ\u00f3mico Global da CPLP, no contexto do qual, ser\u00e1 apresentado e inaugurado oficialmente o IF-CPLP de Timor-Leste (dia 25 de fevereiro \u00e0s 15h30, em Tibar), iniciando desta forma, a implementa\u00e7\u00e3o sucessiva do Instituto de Forma\u00e7\u00e3o nos diversos pa\u00edses que comp\u00f5em a CPLP.<\/strong><\/p>\n<p style=\"text-align: justify;\">A presen\u00e7a do Instituto de Forma\u00e7\u00e3o neste f\u00f3rum \u00e9 de extrema import\u00e2ncia para a sua afirma\u00e7\u00e3o na regi\u00e3o e no universo CPLP.<\/p>\n<p style=\"text-align: justify;\">A realiza\u00e7\u00e3o do I F\u00f3rum Econ\u00f3mico Global da CPLP surge de uma Delibera\u00e7\u00e3o da X Cimeira de Chefes de Estado e de Governo da CPLP, aquando da atribui\u00e7\u00e3o da Presid\u00eancia a Timor-Leste e pretende expressar a necessidade de desenvolver e integrar o espa\u00e7o econ\u00f3mico e empresarial dos Pa\u00edses da CPLP e a sua capacidade de se integrar na economia Global.<\/p>\n<p style=\"text-align: justify;\">Sob o Tema \u201cTimor-Leste como Plataforma para a Coopera\u00e7\u00e3o Empresarial entre a CPLP e a \u00c1sia-Pac\u00edfico\u201d, insere-se na tem\u00e1tica da \u201cCPLP e a Globaliza\u00e7\u00e3o\u201d e valoriza o enquadramento estrat\u00e9gico de Timor-Leste no contexto do bloco multi-regional que \u00e9 a CPLP e dos blocos regionais da ASEAN e do Pac\u00edfico.<\/p>\n<p style=\"text-align: justify;\">Timor-Leste configura-se um cen\u00e1rio atrativo de investimento e neg\u00f3cios, em termos nacionais, mas tamb\u00e9m um \u201chub\u201d ou plataforma entre a CPLP, a ASEAN e os Pa\u00edses do Pac\u00edfico, como plataforma para a capta\u00e7\u00e3o de investimentos e parcerias empresariais.<\/p>\n<p style=\"text-align: justify;\">O I F\u00f3rum Econ\u00f3mico Global da CPLP pretende: reconhecer o potencial geoestrat\u00e9gico e geopol\u00edtico de Timor-Leste enquanto plataforma de contacto entre os pa\u00edses da CPLP, Sudeste Asi\u00e1tico e Pac\u00edfico; apresentar Timor-Leste como Pa\u00eds com um enquadramento competitivo para o investimento, parcerias empresariais e projetos de exporta\u00e7\u00e3o para o mercado Asi\u00e1tico, Pac\u00edfico e da Lusofonia; apresentar o ambiente de neg\u00f3cios nos pa\u00edses CPLP, ASEAN e Pac\u00edfico; contribuir para o desenvolvimento sustent\u00e1vel da economia de Timor-Leste atrav\u00e9s da partilha de <em>know-how<\/em>, da capacita\u00e7\u00e3o e diversifica\u00e7\u00e3o do sector privado nacional, nomeadamente das PMEs, e do estabelecimento de grandes investimentos e parcerias empresariais; promover encontros empresariais (Business to Business) entre empresas da CPLP, baseadas em Timor-Leste e da \u00c1sia-Pac\u00edfico, para fomentar projetos conjuntos, investimento em Timor-Leste e parcerias de explora\u00e7\u00e3o de novos mercados comuns.<\/p>\n<p style=\"text-align: justify;\">Consulte o<strong> <strong>programa do evento<\/strong> <a href=\"http:\/\/www.fegcplp.org\/site\/uploads\/paginas\/documentos\/2484E173-87480_1.pdf\">AQUI<\/a>.<br \/>\n<\/strong><\/p>\n<p style=\"text-align: justify;\">Informa\u00e7\u00e3o complementar: <a href=\"http:\/\/www.fegcplp.org\">www.fegcplp.org<\/a><\/p>\n<p>&nbsp;<\/p>\n<p>&nbsp;<\/p>\n<!-- AddThis Advanced Settings generic via filter on the_content --><!-- AddThis Share Buttons generic via filter on the_content -->","protected":false},"excerpt":{"rendered":"<p>O IF-CPLP participa no 1\u00ba F\u00f3rum Econ\u00f3mico Global da CPLP, no contexto do qual, ser\u00e1 apresentado e inaugurado oficialmente o IF-CPLP de Timor-Leste (dia 25 de fevereiro \u00e0s 15h30, em Tibar), iniciando desta forma, a implementa\u00e7\u00e3o sucessiva do Instituto de Forma\u00e7\u00e3o nos diversos pa\u00edses que comp\u00f5em a CPLP. A presen\u00e7a do Instituto de Forma\u00e7\u00e3o neste [&hellip;]<!-- AddThis Advanced Settings generic via filter on wp_trim_excerpt --><!-- AddThis Share Buttons generic via filter on wp_trim_excerpt --><\/p>\n","protected":false},"author":1,"featured_media":4196,"comment_status":"closed","ping_status":"closed","sticky":false,"template":"","format":"video","meta":[],"categories":[72],"tags":[],"featured_image_src":{"landsacpe":["https:\/\/www.ifcplp.org\/wp-content\/uploads\/2016\/02\/i_forum_timor-1140x445.jpg",1140,445,true],"list":["https:\/\/www.ifcplp.org\/wp-content\/uploads\/2016\/02\/i_forum_timor-e1474021014550-463x315.jpg",463,315,true],"medium":["https:\/\/www.ifcplp.org\/wp-content\/uploads\/2016\/02\/i_forum_timor-e1474021014550-300x114.jpg",300,114,true],"full":["https:\/\/www.ifcplp.org\/wp-content\/uploads\/2016\/02\/i_forum_timor-e1474021014550.jpg",829,315,false]},"yoast_head":"<!-- This site is optimized with the Yoast SEO plugin v15.8 - https:\/\/yoast.com\/wordpress\/plugins\/seo\/ -->\n<title>O Instituto de Forma\u00e7\u00e3o da CPLP (IF-CPLP) esteve presente no 1\u00ba F\u00f3rum Econ\u00f3mico Global da CPLP, em Timor-Leste - IF-CECPLP<\/title>\n<meta name=\"robots\" content=\"index, follow, max-snippet:-1, max-image-preview:large, max-video-preview:-1\" \/>\n<link rel=\"canonical\" href=\"https:\/\/www.ifcplp.org\/2016\/02\/24\/o-instituto-de-formacao-da-cplp-if-cplp-esta-presente-no-1o-forum-economico-global-da-cplp-em-timor-leste\/\" \/>\n<meta property=\"og:locale\" content=\"pt_PT\" \/>\n<meta property=\"og:type\" content=\"article\" \/>\n<meta property=\"og:title\" content=\"O Instituto de Forma\u00e7\u00e3o da CPLP (IF-CPLP) esteve presente no 1\u00ba F\u00f3rum Econ\u00f3mico Global da CPLP, em Timor-Leste - IF-CECPLP\" \/>\n<meta property=\"og:description\" content=\"O IF-CPLP participa no 1\u00ba F\u00f3rum Econ\u00f3mico Global da CPLP, no contexto do qual, ser\u00e1 apresentado e inaugurado oficialmente o IF-CPLP de Timor-Leste (dia 25 de fevereiro \u00e0s 15h30, em Tibar), iniciando desta forma, a implementa\u00e7\u00e3o sucessiva do Instituto de Forma\u00e7\u00e3o nos diversos pa\u00edses que comp\u00f5em a CPLP. A presen\u00e7a do Instituto de Forma\u00e7\u00e3o neste [&hellip;]\" \/>\n<meta property=\"og:url\" content=\"https:\/\/www.ifcplp.org\/2016\/02\/24\/o-instituto-de-formacao-da-cplp-if-cplp-esta-presente-no-1o-forum-economico-global-da-cplp-em-timor-leste\/\" \/>\n<meta property=\"og:site_name\" content=\"IF-CECPLP\" \/>\n<meta property=\"article:publisher\" content=\"https:\/\/www.facebook.com\/Instituto-de-Forma%c3%a7%c3%a3o-dos-Pa%c3%adses-de-L%c3%adngua-Portuguesa-576908179123903\/\" \/>\n<meta property=\"article:published_time\" content=\"2016-02-24T14:38:09+00:00\" \/>\n<meta property=\"article:modified_time\" content=\"2016-09-16T10:37:11+00:00\" \/>\n<meta property=\"og:image\" content=\"https:\/\/www.ifcplp.org\/wp-content\/uploads\/2016\/02\/i_forum_timor-e1474021014550.jpg\" \/>\n\t<meta property=\"og:image:width\" content=\"829\" \/>\n\t<meta property=\"og:image:height\" content=\"315\" \/>\n<meta name=\"twitter:card\" content=\"summary_large_image\" \/>\n<meta name=\"twitter:label1\" content=\"Est. reading time\">\n\t<meta name=\"twitter:data1\" content=\"2 minutos\">\n<script type=\"application\/ld+json\" class=\"yoast-schema-graph\">{\"@context\":\"https:\/\/schema.org\",\"@graph\":[{\"@type\":\"Organization\",\"@id\":\"https:\/\/www.ifcplp.org\/#organization\",\"name\":\"Instituto de Forma\\u00e7\\u00e3o Paises de L\\u00edngua Oficial Portuguesa\",\"url\":\"https:\/\/www.ifcplp.org\/\",\"sameAs\":[\"https:\/\/www.facebook.com\/Instituto-de-Forma\\u00e7\\u00e3o-dos-Pa\\u00edses-de-L\\u00edngua-Portuguesa-576908179123903\/\",\"https:\/\/www.youtube.com\/channel\/UC7ij4_ImA2Aqe0An9Zb4N3w\"],\"logo\":{\"@type\":\"ImageObject\",\"@id\":\"https:\/\/www.ifcplp.org\/#logo\",\"inLanguage\":\"pt-PT\",\"url\":\"https:\/\/www.ifcplp.org\/wp-content\/uploads\/2020\/05\/Instituto-Formacao-PLOP_alt.png\",\"width\":499,\"height\":176,\"caption\":\"Instituto de Forma\\u00e7\\u00e3o Paises de L\\u00edngua Oficial Portuguesa\"},\"image\":{\"@id\":\"https:\/\/www.ifcplp.org\/#logo\"}},{\"@type\":\"WebSite\",\"@id\":\"https:\/\/www.ifcplp.org\/#website\",\"url\":\"https:\/\/www.ifcplp.org\/\",\"name\":\"IF-CECPLP\",\"description\":\"Comunidade dos Pa\\u00edses de L\\u00edngua Portuguesa\",\"publisher\":{\"@id\":\"https:\/\/www.ifcplp.org\/#organization\"},\"potentialAction\":[{\"@type\":\"SearchAction\",\"target\":\"https:\/\/www.ifcplp.org\/?s={search_term_string}\",\"query-input\":\"required name=search_term_string\"}],\"inLanguage\":\"pt-PT\"},{\"@type\":\"ImageObject\",\"@id\":\"https:\/\/www.ifcplp.org\/2016\/02\/24\/o-instituto-de-formacao-da-cplp-if-cplp-esta-presente-no-1o-forum-economico-global-da-cplp-em-timor-leste\/#primaryimage\",\"inLanguage\":\"pt-PT\",\"url\":\"https:\/\/www.ifcplp.org\/wp-content\/uploads\/2016\/02\/i_forum_timor-e1474021014550.jpg\",\"width\":829,\"height\":315},{\"@type\":\"WebPage\",\"@id\":\"https:\/\/www.ifcplp.org\/2016\/02\/24\/o-instituto-de-formacao-da-cplp-if-cplp-esta-presente-no-1o-forum-economico-global-da-cplp-em-timor-leste\/#webpage\",\"url\":\"https:\/\/www.ifcplp.org\/2016\/02\/24\/o-instituto-de-formacao-da-cplp-if-cplp-esta-presente-no-1o-forum-economico-global-da-cplp-em-timor-leste\/\",\"name\":\"O Instituto de Forma\\u00e7\\u00e3o da CPLP (IF-CPLP) esteve presente no 1\\u00ba F\\u00f3rum Econ\\u00f3mico Global da CPLP, em Timor-Leste - IF-CECPLP\",\"isPartOf\":{\"@id\":\"https:\/\/www.ifcplp.org\/#website\"},\"primaryImageOfPage\":{\"@id\":\"https:\/\/www.ifcplp.org\/2016\/02\/24\/o-instituto-de-formacao-da-cplp-if-cplp-esta-presente-no-1o-forum-economico-global-da-cplp-em-timor-leste\/#primaryimage\"},\"datePublished\":\"2016-02-24T14:38:09+00:00\",\"dateModified\":\"2016-09-16T10:37:11+00:00\",\"breadcrumb\":{\"@id\":\"https:\/\/www.ifcplp.org\/2016\/02\/24\/o-instituto-de-formacao-da-cplp-if-cplp-esta-presente-no-1o-forum-economico-global-da-cplp-em-timor-leste\/#breadcrumb\"},\"inLanguage\":\"pt-PT\",\"potentialAction\":[{\"@type\":\"ReadAction\",\"target\":[\"https:\/\/www.ifcplp.org\/2016\/02\/24\/o-instituto-de-formacao-da-cplp-if-cplp-esta-presente-no-1o-forum-economico-global-da-cplp-em-timor-leste\/\"]}]},{\"@type\":\"BreadcrumbList\",\"@id\":\"https:\/\/www.ifcplp.org\/2016\/02\/24\/o-instituto-de-formacao-da-cplp-if-cplp-esta-presente-no-1o-forum-economico-global-da-cplp-em-timor-leste\/#breadcrumb\",\"itemListElement\":[{\"@type\":\"ListItem\",\"position\":1,\"item\":{\"@type\":\"WebPage\",\"@id\":\"https:\/\/www.ifcplp.org\/\",\"url\":\"https:\/\/www.ifcplp.org\/\",\"name\":\"In\\u00edcio\"}},{\"@type\":\"ListItem\",\"position\":2,\"item\":{\"@type\":\"WebPage\",\"@id\":\"https:\/\/www.ifcplp.org\/2016\/02\/24\/o-instituto-de-formacao-da-cplp-if-cplp-esta-presente-no-1o-forum-economico-global-da-cplp-em-timor-leste\/\",\"url\":\"https:\/\/www.ifcplp.org\/2016\/02\/24\/o-instituto-de-formacao-da-cplp-if-cplp-esta-presente-no-1o-forum-economico-global-da-cplp-em-timor-leste\/\",\"name\":\"O Instituto de Forma\\u00e7\\u00e3o da CPLP (IF-CPLP) esteve presente no 1\\u00ba F\\u00f3rum Econ\\u00f3mico Global da CPLP, em Timor-Leste\"}}]},{\"@type\":\"Article\",\"@id\":\"https:\/\/www.ifcplp.org\/2016\/02\/24\/o-instituto-de-formacao-da-cplp-if-cplp-esta-presente-no-1o-forum-economico-global-da-cplp-em-timor-leste\/#article\",\"isPartOf\":{\"@id\":\"https:\/\/www.ifcplp.org\/2016\/02\/24\/o-instituto-de-formacao-da-cplp-if-cplp-esta-presente-no-1o-forum-economico-global-da-cplp-em-timor-leste\/#webpage\"},\"author\":{\"@id\":\"https:\/\/www.ifcplp.org\/#\/schema\/person\/7fca82d4ae1171c20ce19f12bb92c4cb\"},\"headline\":\"O Instituto de Forma\\u00e7\\u00e3o da CPLP (IF-CPLP) esteve presente no 1\\u00ba F\\u00f3rum Econ\\u00f3mico Global da CPLP, em Timor-Leste\",\"datePublished\":\"2016-02-24T14:38:09+00:00\",\"dateModified\":\"2016-09-16T10:37:11+00:00\",\"mainEntityOfPage\":{\"@id\":\"https:\/\/www.ifcplp.org\/2016\/02\/24\/o-instituto-de-formacao-da-cplp-if-cplp-esta-presente-no-1o-forum-economico-global-da-cplp-em-timor-leste\/#webpage\"},\"publisher\":{\"@id\":\"https:\/\/www.ifcplp.org\/#organization\"},\"image\":{\"@id\":\"https:\/\/www.ifcplp.org\/2016\/02\/24\/o-instituto-de-formacao-da-cplp-if-cplp-esta-presente-no-1o-forum-economico-global-da-cplp-em-timor-leste\/#primaryimage\"},\"articleSection\":\"F\\u00f3runs\",\"inLanguage\":\"pt-PT\"},{\"@type\":\"Person\",\"@id\":\"https:\/\/www.ifcplp.org\/#\/schema\/person\/7fca82d4ae1171c20ce19f12bb92c4cb\",\"name\":\"ifcplp\",\"image\":{\"@type\":\"ImageObject\",\"@id\":\"https:\/\/www.ifcplp.org\/#personlogo\",\"inLanguage\":\"pt-PT\",\"url\":\"https:\/\/secure.gravatar.com\/avatar\/1ad78f9eb99b8b1615e0745904b42ed7?s=96&d=mm&r=g\",\"caption\":\"ifcplp\"}}]}<\/script>\n<!-- \/ Yoast SEO plugin. -->","_links":{"self":[{"href":"https:\/\/www.ifcplp.org\/api\/wp\/v2\/posts\/4194"}],"collection":[{"href":"https:\/\/www.ifcplp.org\/api\/wp\/v2\/posts"}],"about":[{"href":"https:\/\/www.ifcplp.org\/api\/wp\/v2\/types\/post"}],"author":[{"embeddable":true,"href":"https:\/\/www.ifcplp.org\/api\/wp\/v2\/users\/1"}],"replies":[{"embeddable":true,"href":"https:\/\/www.ifcplp.org\/api\/wp\/v2\/comments?post=4194"}],"version-history":[{"count":11,"href":"https:\/\/www.ifcplp.org\/api\/wp\/v2\/posts\/4194\/revisions"}],"predecessor-version":[{"id":4238,"href":"https:\/\/www.ifcplp.org\/api\/wp\/v2\/posts\/4194\/revisions\/4238"}],"wp:featuredmedia":[{"embeddable":true,"href":"https:\/\/www.ifcplp.org\/api\/wp\/v2\/media\/4196"}],"wp:attachment":[{"href":"https:\/\/www.ifcplp.org\/api\/wp\/v2\/media?parent=4194"}],"wp:term":[{"taxonomy":"category","embeddable":true,"href":"https:\/\/www.ifcplp.org\/api\/wp\/v2\/categories?post=4194"},{"taxonomy":"post_tag","embeddable":true,"href":"https:\/\/www.ifcplp.org\/api\/wp\/v2\/tags?post=4194"}],"curies":[{"name":"wp","href":"https:\/\/api.w.org\/{rel}","templated":true}]}}