{"id":4225,"date":"2016-07-08T09:48:37","date_gmt":"2016-07-08T09:48:37","guid":{"rendered":"http:\/\/www.ifcplp.org\/?p=4225"},"modified":"2016-09-16T16:01:24","modified_gmt":"2016-09-16T16:01:24","slug":"instituto-de-formacao-da-cplp-if-cplp-presente-no-forum-de-beja","status":"publish","type":"post","link":"https:\/\/www.ifcplp.org\/2016\/07\/08\/instituto-de-formacao-da-cplp-if-cplp-presente-no-forum-de-beja\/","title":{"rendered":"Instituto de Forma\u00e7\u00e3o da CPLP (IF-CPLP) esteve presente no F\u00f3rum de Beja"},"content":{"rendered":"<p style=\"text-align: justify;\">O Instituto de Forma\u00e7\u00e3o da CPLP marcou presen\u00e7a no III F\u00f3rum da Uni\u00e3o de Exportadores da CPLP (UE-CPLP), realizado nos passados dias 7,8 e 9 de Julho, em Beja, numa iniciativa promovida pela UE-CPLP, em conjunto com a Confedera\u00e7\u00e3o Empresarial da CPLP (CE-CPLP).<\/p>\n<p style=\"text-align: justify;\">O Instituto de Forma\u00e7\u00e3o da CPLP (IF-CPLP), apresentou um stand pr\u00f3prio onde contou com a presen\u00e7a de uma equipa multim\u00e9dia constitu\u00edda por respons\u00e1veis e alunos do Curso T\u00e9cnico de Multim\u00e9dia.<\/p>\n<p style=\"text-align: justify;\">No decorrer deste certame recebemos a visita do Ministro do Com\u00e9rcio da Guin\u00e9 Equatorial, D. Ant\u00f3nio Pedro Olivera Boropu, e do presidente da C\u00e2mara Oficial do Com\u00e9rcio da Guin\u00e9 Equatorial, D. Greg\u00f3rio Boho Camo.<\/p>\n<!-- AddThis Advanced Settings generic via filter on the_content --><!-- AddThis Share Buttons generic via filter on the_content -->","protected":false},"excerpt":{"rendered":"<p>O Instituto de Forma\u00e7\u00e3o da CPLP marcou presen\u00e7a no III F\u00f3rum da Uni\u00e3o de Exportadores da CPLP (UE-CPLP), realizado nos passados dias 7,8 e 9 de Julho, em Beja, numa iniciativa promovida pela UE-CPLP, em conjunto com a Confedera\u00e7\u00e3o Empresarial da CPLP (CE-CPLP). O Instituto de Forma\u00e7\u00e3o da CPLP (IF-CPLP), apresentou um stand pr\u00f3prio onde [&hellip;]<!-- AddThis Advanced Settings generic via filter on wp_trim_excerpt --><!-- AddThis Share Buttons generic via filter on wp_trim_excerpt --><\/p>\n","protected":false},"author":1,"featured_media":4222,"comment_status":"closed","ping_status":"closed","sticky":false,"template":"","format":"gallery","meta":[],"categories":[72],"tags":[],"featured_image_src":{"landsacpe":["https:\/\/www.ifcplp.org\/wp-content\/uploads\/2016\/09\/ifcplp_forumBeja1-1140x445.jpg",1140,445,true],"list":["https:\/\/www.ifcplp.org\/wp-content\/uploads\/2016\/09\/ifcplp_forumBeja1-463x348.jpg",463,348,true],"medium":["https:\/\/www.ifcplp.org\/wp-content\/uploads\/2016\/09\/ifcplp_forumBeja1-300x200.jpg",300,200,true],"full":["https:\/\/www.ifcplp.org\/wp-content\/uploads\/2016\/09\/ifcplp_forumBeja1.jpg",1280,853,false]},"yoast_head":"<!-- This site is optimized with the Yoast SEO plugin v15.8 - https:\/\/yoast.com\/wordpress\/plugins\/seo\/ -->\n<title>Instituto de Forma\u00e7\u00e3o da CPLP (IF-CPLP) esteve presente no F\u00f3rum de Beja - IF-CECPLP<\/title>\n<meta name=\"robots\" content=\"index, follow, max-snippet:-1, max-image-preview:large, max-video-preview:-1\" \/>\n<link rel=\"canonical\" href=\"https:\/\/www.ifcplp.org\/2016\/07\/08\/instituto-de-formacao-da-cplp-if-cplp-presente-no-forum-de-beja\/\" \/>\n<meta property=\"og:locale\" content=\"pt_PT\" \/>\n<meta property=\"og:type\" content=\"article\" \/>\n<meta property=\"og:title\" content=\"Instituto de Forma\u00e7\u00e3o da CPLP (IF-CPLP) esteve presente no F\u00f3rum de Beja - IF-CECPLP\" \/>\n<meta property=\"og:description\" content=\"O Instituto de Forma\u00e7\u00e3o da CPLP marcou presen\u00e7a no III F\u00f3rum da Uni\u00e3o de Exportadores da CPLP (UE-CPLP), realizado nos passados dias 7,8 e 9 de Julho, em Beja, numa iniciativa promovida pela UE-CPLP, em conjunto com a Confedera\u00e7\u00e3o Empresarial da CPLP (CE-CPLP). O Instituto de Forma\u00e7\u00e3o da CPLP (IF-CPLP), apresentou um stand pr\u00f3prio onde [&hellip;]\" \/>\n<meta property=\"og:url\" content=\"https:\/\/www.ifcplp.org\/2016\/07\/08\/instituto-de-formacao-da-cplp-if-cplp-presente-no-forum-de-beja\/\" \/>\n<meta property=\"og:site_name\" content=\"IF-CECPLP\" \/>\n<meta property=\"article:publisher\" content=\"https:\/\/www.facebook.com\/Instituto-de-Forma%c3%a7%c3%a3o-dos-Pa%c3%adses-de-L%c3%adngua-Portuguesa-576908179123903\/\" \/>\n<meta property=\"article:published_time\" content=\"2016-07-08T09:48:37+00:00\" \/>\n<meta property=\"article:modified_time\" content=\"2016-09-16T16:01:24+00:00\" \/>\n<meta property=\"og:image\" content=\"https:\/\/www.ifcplp.org\/wp-content\/uploads\/2016\/09\/ifcplp_forumBeja1.jpg\" \/>\n\t<meta property=\"og:image:width\" content=\"1280\" \/>\n\t<meta property=\"og:image:height\" content=\"853\" \/>\n<meta name=\"twitter:card\" content=\"summary_large_image\" \/>\n<meta name=\"twitter:label1\" content=\"Est. reading time\">\n\t<meta name=\"twitter:data1\" content=\"1 minuto\">\n<script type=\"application\/ld+json\" class=\"yoast-schema-graph\">{\"@context\":\"https:\/\/schema.org\",\"@graph\":[{\"@type\":\"Organization\",\"@id\":\"https:\/\/www.ifcplp.org\/#organization\",\"name\":\"Instituto de Forma\\u00e7\\u00e3o Paises de L\\u00edngua Oficial Portuguesa\",\"url\":\"https:\/\/www.ifcplp.org\/\",\"sameAs\":[\"https:\/\/www.facebook.com\/Instituto-de-Forma\\u00e7\\u00e3o-dos-Pa\\u00edses-de-L\\u00edngua-Portuguesa-576908179123903\/\",\"https:\/\/www.youtube.com\/channel\/UC7ij4_ImA2Aqe0An9Zb4N3w\"],\"logo\":{\"@type\":\"ImageObject\",\"@id\":\"https:\/\/www.ifcplp.org\/#logo\",\"inLanguage\":\"pt-PT\",\"url\":\"https:\/\/www.ifcplp.org\/wp-content\/uploads\/2020\/05\/Instituto-Formacao-PLOP_alt.png\",\"width\":499,\"height\":176,\"caption\":\"Instituto de Forma\\u00e7\\u00e3o Paises de L\\u00edngua Oficial Portuguesa\"},\"image\":{\"@id\":\"https:\/\/www.ifcplp.org\/#logo\"}},{\"@type\":\"WebSite\",\"@id\":\"https:\/\/www.ifcplp.org\/#website\",\"url\":\"https:\/\/www.ifcplp.org\/\",\"name\":\"IF-CECPLP\",\"description\":\"Comunidade dos Pa\\u00edses de L\\u00edngua Portuguesa\",\"publisher\":{\"@id\":\"https:\/\/www.ifcplp.org\/#organization\"},\"potentialAction\":[{\"@type\":\"SearchAction\",\"target\":\"https:\/\/www.ifcplp.org\/?s={search_term_string}\",\"query-input\":\"required name=search_term_string\"}],\"inLanguage\":\"pt-PT\"},{\"@type\":\"ImageObject\",\"@id\":\"https:\/\/www.ifcplp.org\/2016\/07\/08\/instituto-de-formacao-da-cplp-if-cplp-presente-no-forum-de-beja\/#primaryimage\",\"inLanguage\":\"pt-PT\",\"url\":\"https:\/\/www.ifcplp.org\/wp-content\/uploads\/2016\/09\/ifcplp_forumBeja1.jpg\",\"width\":1280,\"height\":853},{\"@type\":\"WebPage\",\"@id\":\"https:\/\/www.ifcplp.org\/2016\/07\/08\/instituto-de-formacao-da-cplp-if-cplp-presente-no-forum-de-beja\/#webpage\",\"url\":\"https:\/\/www.ifcplp.org\/2016\/07\/08\/instituto-de-formacao-da-cplp-if-cplp-presente-no-forum-de-beja\/\",\"name\":\"Instituto de Forma\\u00e7\\u00e3o da CPLP (IF-CPLP) esteve presente no F\\u00f3rum de Beja - IF-CECPLP\",\"isPartOf\":{\"@id\":\"https:\/\/www.ifcplp.org\/#website\"},\"primaryImageOfPage\":{\"@id\":\"https:\/\/www.ifcplp.org\/2016\/07\/08\/instituto-de-formacao-da-cplp-if-cplp-presente-no-forum-de-beja\/#primaryimage\"},\"datePublished\":\"2016-07-08T09:48:37+00:00\",\"dateModified\":\"2016-09-16T16:01:24+00:00\",\"breadcrumb\":{\"@id\":\"https:\/\/www.ifcplp.org\/2016\/07\/08\/instituto-de-formacao-da-cplp-if-cplp-presente-no-forum-de-beja\/#breadcrumb\"},\"inLanguage\":\"pt-PT\",\"potentialAction\":[{\"@type\":\"ReadAction\",\"target\":[\"https:\/\/www.ifcplp.org\/2016\/07\/08\/instituto-de-formacao-da-cplp-if-cplp-presente-no-forum-de-beja\/\"]}]},{\"@type\":\"BreadcrumbList\",\"@id\":\"https:\/\/www.ifcplp.org\/2016\/07\/08\/instituto-de-formacao-da-cplp-if-cplp-presente-no-forum-de-beja\/#breadcrumb\",\"itemListElement\":[{\"@type\":\"ListItem\",\"position\":1,\"item\":{\"@type\":\"WebPage\",\"@id\":\"https:\/\/www.ifcplp.org\/\",\"url\":\"https:\/\/www.ifcplp.org\/\",\"name\":\"In\\u00edcio\"}},{\"@type\":\"ListItem\",\"position\":2,\"item\":{\"@type\":\"WebPage\",\"@id\":\"https:\/\/www.ifcplp.org\/2016\/07\/08\/instituto-de-formacao-da-cplp-if-cplp-presente-no-forum-de-beja\/\",\"url\":\"https:\/\/www.ifcplp.org\/2016\/07\/08\/instituto-de-formacao-da-cplp-if-cplp-presente-no-forum-de-beja\/\",\"name\":\"Instituto de Forma\\u00e7\\u00e3o da CPLP (IF-CPLP) esteve presente no F\\u00f3rum de Beja\"}}]},{\"@type\":\"Article\",\"@id\":\"https:\/\/www.ifcplp.org\/2016\/07\/08\/instituto-de-formacao-da-cplp-if-cplp-presente-no-forum-de-beja\/#article\",\"isPartOf\":{\"@id\":\"https:\/\/www.ifcplp.org\/2016\/07\/08\/instituto-de-formacao-da-cplp-if-cplp-presente-no-forum-de-beja\/#webpage\"},\"author\":{\"@id\":\"https:\/\/www.ifcplp.org\/#\/schema\/person\/7fca82d4ae1171c20ce19f12bb92c4cb\"},\"headline\":\"Instituto de Forma\\u00e7\\u00e3o da CPLP (IF-CPLP) esteve presente no F\\u00f3rum de Beja\",\"datePublished\":\"2016-07-08T09:48:37+00:00\",\"dateModified\":\"2016-09-16T16:01:24+00:00\",\"mainEntityOfPage\":{\"@id\":\"https:\/\/www.ifcplp.org\/2016\/07\/08\/instituto-de-formacao-da-cplp-if-cplp-presente-no-forum-de-beja\/#webpage\"},\"publisher\":{\"@id\":\"https:\/\/www.ifcplp.org\/#organization\"},\"image\":{\"@id\":\"https:\/\/www.ifcplp.org\/2016\/07\/08\/instituto-de-formacao-da-cplp-if-cplp-presente-no-forum-de-beja\/#primaryimage\"},\"articleSection\":\"F\\u00f3runs\",\"inLanguage\":\"pt-PT\"},{\"@type\":\"Person\",\"@id\":\"https:\/\/www.ifcplp.org\/#\/schema\/person\/7fca82d4ae1171c20ce19f12bb92c4cb\",\"name\":\"ifcplp\",\"image\":{\"@type\":\"ImageObject\",\"@id\":\"https:\/\/www.ifcplp.org\/#personlogo\",\"inLanguage\":\"pt-PT\",\"url\":\"https:\/\/secure.gravatar.com\/avatar\/1ad78f9eb99b8b1615e0745904b42ed7?s=96&d=mm&r=g\",\"caption\":\"ifcplp\"}}]}<\/script>\n<!-- \/ Yoast SEO plugin. -->","_links":{"self":[{"href":"https:\/\/www.ifcplp.org\/api\/wp\/v2\/posts\/4225"}],"collection":[{"href":"https:\/\/www.ifcplp.org\/api\/wp\/v2\/posts"}],"about":[{"href":"https:\/\/www.ifcplp.org\/api\/wp\/v2\/types\/post"}],"author":[{"embeddable":true,"href":"https:\/\/www.ifcplp.org\/api\/wp\/v2\/users\/1"}],"replies":[{"embeddable":true,"href":"https:\/\/www.ifcplp.org\/api\/wp\/v2\/comments?post=4225"}],"version-history":[{"count":6,"href":"https:\/\/www.ifcplp.org\/api\/wp\/v2\/posts\/4225\/revisions"}],"predecessor-version":[{"id":4248,"href":"https:\/\/www.ifcplp.org\/api\/wp\/v2\/posts\/4225\/revisions\/4248"}],"wp:featuredmedia":[{"embeddable":true,"href":"https:\/\/www.ifcplp.org\/api\/wp\/v2\/media\/4222"}],"wp:attachment":[{"href":"https:\/\/www.ifcplp.org\/api\/wp\/v2\/media?parent=4225"}],"wp:term":[{"taxonomy":"category","embeddable":true,"href":"https:\/\/www.ifcplp.org\/api\/wp\/v2\/categories?post=4225"},{"taxonomy":"post_tag","embeddable":true,"href":"https:\/\/www.ifcplp.org\/api\/wp\/v2\/tags?post=4225"}],"curies":[{"name":"wp","href":"https:\/\/api.w.org\/{rel}","templated":true}]}}