{"id":4261,"date":"2016-09-20T10:03:24","date_gmt":"2016-09-20T10:03:24","guid":{"rendered":"http:\/\/www.ifcplp.org\/?p=4261"},"modified":"2016-09-20T10:03:24","modified_gmt":"2016-09-20T10:03:24","slug":"forum-da-uniao-de-exportadores-da-cplp-sao-tome-e-principe","status":"publish","type":"post","link":"https:\/\/www.ifcplp.org\/2016\/09\/20\/forum-da-uniao-de-exportadores-da-cplp-sao-tome-e-principe\/","title":{"rendered":"F\u00f3rum da Uni\u00e3o de Exportadores da CPLP &#8211; S\u00e3o Tom\u00e9 e Pr\u00edncipe"},"content":{"rendered":"<p style=\"text-align: justify;\">S\u00e3o Tom\u00e9 e Pr\u00edncipe vai acolher a partir de 30 de Setembro at\u00e9 1 de Outubro, o F\u00f3rum da Uni\u00e3o de Exportadores da Comunidade de Pa\u00edses de L\u00edngua Portuguesa (CPLP).<\/p>\n<p style=\"text-align: justify;\">O F\u00f3rum, com a programa\u00e7\u00e3o para dois dias, ir\u00e1 ainda promover, atrav\u00e9s de uma delega\u00e7\u00e3o empresarial de cada pa\u00eds, a apresenta\u00e7\u00e3o de oportunidades de investimento, de parcerias empresariais e de importa\u00e7\u00e3o e exporta\u00e7\u00e3o nos v\u00e1rios pa\u00edses participantes.<\/p>\n<p style=\"text-align: justify;\">O evento tem como p\u00fablico-alvo, as entidades oficiais, institui\u00e7\u00f5es, associa\u00e7\u00f5es empresariais, empres\u00e1rios, gestores, l\u00edderes de opini\u00e3o, m\u00eddia e opini\u00e3o p\u00fablica.<\/p>\n<p style=\"text-align: justify;\">Est\u00e1 ainda prevista, a realiza\u00e7\u00e3o de semin\u00e1rios\/workshops tem\u00e1ticos por pa\u00eds, onde os empres\u00e1rios ter\u00e3o oportunidade de ter um conhecimento aprofundado sobre como exportar\/internacionalizar para o pa\u00eds em quest\u00e3o.<\/p>\n<p style=\"text-align: justify;\">Os workshops tem\u00e1ticos ser\u00e3o repetidos em v\u00e1rios hor\u00e1rios durante o dia e divididos em dois pain\u00e9is: o primeiro, visando dotar os empres\u00e1rios de ferramentas \u00fateis para a pr\u00e1tica do seu neg\u00f3cio e segundo ser\u00e1 uma exposi\u00e7\u00e3o te\u00f3rico-pr\u00e1tica, atrav\u00e9s de uma conversa\/debate aberto para exposi\u00e7\u00e3o das d\u00favidas dos empres\u00e1rios assistentes.<\/p>\n<p>&nbsp;<\/p>\n<!-- AddThis Advanced Settings generic via filter on the_content --><!-- AddThis Share Buttons generic via filter on the_content -->","protected":false},"excerpt":{"rendered":"<p>S\u00e3o Tom\u00e9 e Pr\u00edncipe vai acolher a partir de 30 de Setembro at\u00e9 1 de Outubro, o F\u00f3rum da Uni\u00e3o de Exportadores da Comunidade de Pa\u00edses de L\u00edngua Portuguesa (CPLP). O F\u00f3rum, com a programa\u00e7\u00e3o para dois dias, ir\u00e1 ainda promover, atrav\u00e9s de uma delega\u00e7\u00e3o empresarial de cada pa\u00eds, a apresenta\u00e7\u00e3o de oportunidades de investimento, [&hellip;]<!-- AddThis Advanced Settings generic via filter on wp_trim_excerpt --><!-- AddThis Share Buttons generic via filter on wp_trim_excerpt --><\/p>\n","protected":false},"author":2,"featured_media":4262,"comment_status":"closed","ping_status":"closed","sticky":false,"template":"","format":"gallery","meta":[],"categories":[72],"tags":[],"featured_image_src":{"landsacpe":["https:\/\/www.ifcplp.org\/wp-content\/uploads\/2016\/09\/Forum_Uni\u00e3o_Exportadores_Sao_Tom\u00e9_Principe.jpg",828,361,false],"list":["https:\/\/www.ifcplp.org\/wp-content\/uploads\/2016\/09\/Forum_Uni\u00e3o_Exportadores_Sao_Tom\u00e9_Principe-463x348.jpg",463,348,true],"medium":["https:\/\/www.ifcplp.org\/wp-content\/uploads\/2016\/09\/Forum_Uni\u00e3o_Exportadores_Sao_Tom\u00e9_Principe-300x131.jpg",300,131,true],"full":["https:\/\/www.ifcplp.org\/wp-content\/uploads\/2016\/09\/Forum_Uni\u00e3o_Exportadores_Sao_Tom\u00e9_Principe.jpg",828,361,false]},"yoast_head":"<!-- This site is optimized with the Yoast SEO plugin v15.8 - https:\/\/yoast.com\/wordpress\/plugins\/seo\/ -->\n<title>F\u00f3rum da Uni\u00e3o de Exportadores da CPLP - S\u00e3o Tom\u00e9 e Pr\u00edncipe - IF-CECPLP<\/title>\n<meta name=\"robots\" content=\"index, follow, max-snippet:-1, max-image-preview:large, max-video-preview:-1\" \/>\n<link rel=\"canonical\" href=\"https:\/\/www.ifcplp.org\/2016\/09\/20\/forum-da-uniao-de-exportadores-da-cplp-sao-tome-e-principe\/\" \/>\n<meta property=\"og:locale\" content=\"pt_PT\" \/>\n<meta property=\"og:type\" content=\"article\" \/>\n<meta property=\"og:title\" content=\"F\u00f3rum da Uni\u00e3o de Exportadores da CPLP - S\u00e3o Tom\u00e9 e Pr\u00edncipe - IF-CECPLP\" \/>\n<meta property=\"og:description\" content=\"S\u00e3o Tom\u00e9 e Pr\u00edncipe vai acolher a partir de 30 de Setembro at\u00e9 1 de Outubro, o F\u00f3rum da Uni\u00e3o de Exportadores da Comunidade de Pa\u00edses de L\u00edngua Portuguesa (CPLP). O F\u00f3rum, com a programa\u00e7\u00e3o para dois dias, ir\u00e1 ainda promover, atrav\u00e9s de uma delega\u00e7\u00e3o empresarial de cada pa\u00eds, a apresenta\u00e7\u00e3o de oportunidades de investimento, [&hellip;]\" \/>\n<meta property=\"og:url\" content=\"https:\/\/www.ifcplp.org\/2016\/09\/20\/forum-da-uniao-de-exportadores-da-cplp-sao-tome-e-principe\/\" \/>\n<meta property=\"og:site_name\" content=\"IF-CECPLP\" \/>\n<meta property=\"article:publisher\" content=\"https:\/\/www.facebook.com\/Instituto-de-Forma%c3%a7%c3%a3o-dos-Pa%c3%adses-de-L%c3%adngua-Portuguesa-576908179123903\/\" \/>\n<meta property=\"article:published_time\" content=\"2016-09-20T10:03:24+00:00\" \/>\n<meta property=\"og:image\" content=\"https:\/\/www.ifcplp.org\/wp-content\/uploads\/2016\/09\/Forum_Uni\u00e3o_Exportadores_Sao_Tom\u00e9_Principe.jpg\" \/>\n\t<meta property=\"og:image:width\" content=\"828\" \/>\n\t<meta property=\"og:image:height\" content=\"361\" \/>\n<meta name=\"twitter:card\" content=\"summary_large_image\" \/>\n<meta name=\"twitter:label1\" content=\"Est. reading time\">\n\t<meta name=\"twitter:data1\" content=\"1 minuto\">\n<script type=\"application\/ld+json\" class=\"yoast-schema-graph\">{\"@context\":\"https:\/\/schema.org\",\"@graph\":[{\"@type\":\"Organization\",\"@id\":\"https:\/\/www.ifcplp.org\/#organization\",\"name\":\"Instituto de Forma\\u00e7\\u00e3o Paises de L\\u00edngua Oficial Portuguesa\",\"url\":\"https:\/\/www.ifcplp.org\/\",\"sameAs\":[\"https:\/\/www.facebook.com\/Instituto-de-Forma\\u00e7\\u00e3o-dos-Pa\\u00edses-de-L\\u00edngua-Portuguesa-576908179123903\/\",\"https:\/\/www.youtube.com\/channel\/UC7ij4_ImA2Aqe0An9Zb4N3w\"],\"logo\":{\"@type\":\"ImageObject\",\"@id\":\"https:\/\/www.ifcplp.org\/#logo\",\"inLanguage\":\"pt-PT\",\"url\":\"https:\/\/www.ifcplp.org\/wp-content\/uploads\/2020\/05\/Instituto-Formacao-PLOP_alt.png\",\"width\":499,\"height\":176,\"caption\":\"Instituto de Forma\\u00e7\\u00e3o Paises de L\\u00edngua Oficial Portuguesa\"},\"image\":{\"@id\":\"https:\/\/www.ifcplp.org\/#logo\"}},{\"@type\":\"WebSite\",\"@id\":\"https:\/\/www.ifcplp.org\/#website\",\"url\":\"https:\/\/www.ifcplp.org\/\",\"name\":\"IF-CECPLP\",\"description\":\"Comunidade dos Pa\\u00edses de L\\u00edngua Portuguesa\",\"publisher\":{\"@id\":\"https:\/\/www.ifcplp.org\/#organization\"},\"potentialAction\":[{\"@type\":\"SearchAction\",\"target\":\"https:\/\/www.ifcplp.org\/?s={search_term_string}\",\"query-input\":\"required name=search_term_string\"}],\"inLanguage\":\"pt-PT\"},{\"@type\":\"ImageObject\",\"@id\":\"https:\/\/www.ifcplp.org\/2016\/09\/20\/forum-da-uniao-de-exportadores-da-cplp-sao-tome-e-principe\/#primaryimage\",\"inLanguage\":\"pt-PT\",\"url\":\"https:\/\/www.ifcplp.org\/wp-content\/uploads\/2016\/09\/Forum_Uni\\u00e3o_Exportadores_Sao_Tom\\u00e9_Principe.jpg\",\"width\":828,\"height\":361},{\"@type\":\"WebPage\",\"@id\":\"https:\/\/www.ifcplp.org\/2016\/09\/20\/forum-da-uniao-de-exportadores-da-cplp-sao-tome-e-principe\/#webpage\",\"url\":\"https:\/\/www.ifcplp.org\/2016\/09\/20\/forum-da-uniao-de-exportadores-da-cplp-sao-tome-e-principe\/\",\"name\":\"F\\u00f3rum da Uni\\u00e3o de Exportadores da CPLP - S\\u00e3o Tom\\u00e9 e Pr\\u00edncipe - IF-CECPLP\",\"isPartOf\":{\"@id\":\"https:\/\/www.ifcplp.org\/#website\"},\"primaryImageOfPage\":{\"@id\":\"https:\/\/www.ifcplp.org\/2016\/09\/20\/forum-da-uniao-de-exportadores-da-cplp-sao-tome-e-principe\/#primaryimage\"},\"datePublished\":\"2016-09-20T10:03:24+00:00\",\"dateModified\":\"2016-09-20T10:03:24+00:00\",\"breadcrumb\":{\"@id\":\"https:\/\/www.ifcplp.org\/2016\/09\/20\/forum-da-uniao-de-exportadores-da-cplp-sao-tome-e-principe\/#breadcrumb\"},\"inLanguage\":\"pt-PT\",\"potentialAction\":[{\"@type\":\"ReadAction\",\"target\":[\"https:\/\/www.ifcplp.org\/2016\/09\/20\/forum-da-uniao-de-exportadores-da-cplp-sao-tome-e-principe\/\"]}]},{\"@type\":\"BreadcrumbList\",\"@id\":\"https:\/\/www.ifcplp.org\/2016\/09\/20\/forum-da-uniao-de-exportadores-da-cplp-sao-tome-e-principe\/#breadcrumb\",\"itemListElement\":[{\"@type\":\"ListItem\",\"position\":1,\"item\":{\"@type\":\"WebPage\",\"@id\":\"https:\/\/www.ifcplp.org\/\",\"url\":\"https:\/\/www.ifcplp.org\/\",\"name\":\"In\\u00edcio\"}},{\"@type\":\"ListItem\",\"position\":2,\"item\":{\"@type\":\"WebPage\",\"@id\":\"https:\/\/www.ifcplp.org\/2016\/09\/20\/forum-da-uniao-de-exportadores-da-cplp-sao-tome-e-principe\/\",\"url\":\"https:\/\/www.ifcplp.org\/2016\/09\/20\/forum-da-uniao-de-exportadores-da-cplp-sao-tome-e-principe\/\",\"name\":\"F\\u00f3rum da Uni\\u00e3o de Exportadores da CPLP &#8211; S\\u00e3o Tom\\u00e9 e Pr\\u00edncipe\"}}]},{\"@type\":\"Article\",\"@id\":\"https:\/\/www.ifcplp.org\/2016\/09\/20\/forum-da-uniao-de-exportadores-da-cplp-sao-tome-e-principe\/#article\",\"isPartOf\":{\"@id\":\"https:\/\/www.ifcplp.org\/2016\/09\/20\/forum-da-uniao-de-exportadores-da-cplp-sao-tome-e-principe\/#webpage\"},\"author\":{\"@id\":\"https:\/\/www.ifcplp.org\/#\/schema\/person\/8d9428a7318bf93d93ef3c6de3b7821b\"},\"headline\":\"F\\u00f3rum da Uni\\u00e3o de Exportadores da CPLP &#8211; S\\u00e3o Tom\\u00e9 e Pr\\u00edncipe\",\"datePublished\":\"2016-09-20T10:03:24+00:00\",\"dateModified\":\"2016-09-20T10:03:24+00:00\",\"mainEntityOfPage\":{\"@id\":\"https:\/\/www.ifcplp.org\/2016\/09\/20\/forum-da-uniao-de-exportadores-da-cplp-sao-tome-e-principe\/#webpage\"},\"publisher\":{\"@id\":\"https:\/\/www.ifcplp.org\/#organization\"},\"image\":{\"@id\":\"https:\/\/www.ifcplp.org\/2016\/09\/20\/forum-da-uniao-de-exportadores-da-cplp-sao-tome-e-principe\/#primaryimage\"},\"articleSection\":\"F\\u00f3runs\",\"inLanguage\":\"pt-PT\"},{\"@type\":\"Person\",\"@id\":\"https:\/\/www.ifcplp.org\/#\/schema\/person\/8d9428a7318bf93d93ef3c6de3b7821b\",\"name\":\"editorifcplp\",\"image\":{\"@type\":\"ImageObject\",\"@id\":\"https:\/\/www.ifcplp.org\/#personlogo\",\"inLanguage\":\"pt-PT\",\"url\":\"https:\/\/secure.gravatar.com\/avatar\/83d9fff195185d64bda194f080b0c214?s=96&d=mm&r=g\",\"caption\":\"editorifcplp\"}}]}<\/script>\n<!-- \/ Yoast SEO plugin. -->","_links":{"self":[{"href":"https:\/\/www.ifcplp.org\/api\/wp\/v2\/posts\/4261"}],"collection":[{"href":"https:\/\/www.ifcplp.org\/api\/wp\/v2\/posts"}],"about":[{"href":"https:\/\/www.ifcplp.org\/api\/wp\/v2\/types\/post"}],"author":[{"embeddable":true,"href":"https:\/\/www.ifcplp.org\/api\/wp\/v2\/users\/2"}],"replies":[{"embeddable":true,"href":"https:\/\/www.ifcplp.org\/api\/wp\/v2\/comments?post=4261"}],"version-history":[{"count":3,"href":"https:\/\/www.ifcplp.org\/api\/wp\/v2\/posts\/4261\/revisions"}],"predecessor-version":[{"id":4265,"href":"https:\/\/www.ifcplp.org\/api\/wp\/v2\/posts\/4261\/revisions\/4265"}],"wp:featuredmedia":[{"embeddable":true,"href":"https:\/\/www.ifcplp.org\/api\/wp\/v2\/media\/4262"}],"wp:attachment":[{"href":"https:\/\/www.ifcplp.org\/api\/wp\/v2\/media?parent=4261"}],"wp:term":[{"taxonomy":"category","embeddable":true,"href":"https:\/\/www.ifcplp.org\/api\/wp\/v2\/categories?post=4261"},{"taxonomy":"post_tag","embeddable":true,"href":"https:\/\/www.ifcplp.org\/api\/wp\/v2\/tags?post=4261"}],"curies":[{"name":"wp","href":"https:\/\/api.w.org\/{rel}","templated":true}]}}