{"id":4303,"date":"2017-02-12T14:09:33","date_gmt":"2017-02-12T14:09:33","guid":{"rendered":"http:\/\/www.ifcplp.org\/?p=4303"},"modified":"2017-03-17T14:15:45","modified_gmt":"2017-03-17T14:15:45","slug":"reunioes-com-as-camaras-de-comercio-na-guine-equatorial-no-ambito-da-implementacao-do-instituto-de-certificacao-e-formacao-da-cplp-ge","status":"publish","type":"post","link":"https:\/\/www.ifcplp.org\/2017\/02\/12\/reunioes-com-as-camaras-de-comercio-na-guine-equatorial-no-ambito-da-implementacao-do-instituto-de-certificacao-e-formacao-da-cplp-ge\/","title":{"rendered":"Reuni\u00f5es com as C\u00e2maras de Comercio, na Guin\u00e9 Equatorial, no \u00e2mbito da implementa\u00e7\u00e3o do Instituto de Certifica\u00e7\u00e3o e Forma\u00e7\u00e3o da CPLP-GE"},"content":{"rendered":"<p>O presidente do Instituto de forma\u00e7\u00e3o deslocou-se \u00e0 Guin\u00e9 Equatorial na semana de 6 a 10 de fevereiro de 2017, nomeadamente \u00e0 Capital, Mabalo e \u00e0 parte continental Bata, para um conjunto de reuni\u00f5es com as respetivas C\u00e2maras de Comercio, no \u00e2mbito da implementa\u00e7\u00e3o do Instituto de Certifica\u00e7\u00e3o e Forma\u00e7\u00e3o da CPLP-GE.<br \/>\nA Comitiva era composta tamb\u00e9m pelo Presidente do Instituto de Certifica\u00e7\u00e3o.<br \/>\nDas reuni\u00f5es sa\u00edram nomeadamente os cronogramas definitivos da implementa\u00e7\u00e3o da primeira fase do projeto, a instala\u00e7\u00e3o dos 2 laborat\u00f3rios de certifica\u00e7\u00e3o, um a ser instalado na C\u00e2mara de Comercio de Bata e outro na C\u00e2mara de comercio da Malabo.<\/p>\n<!-- AddThis Advanced Settings generic via filter on the_content --><!-- AddThis Share Buttons generic via filter on the_content -->","protected":false},"excerpt":{"rendered":"<p>O presidente do Instituto de forma\u00e7\u00e3o deslocou-se \u00e0 Guin\u00e9 Equatorial na semana de 6 a 10 de fevereiro de 2017, nomeadamente \u00e0 Capital, Mabalo e \u00e0 parte continental Bata, para um conjunto de reuni\u00f5es com as respetivas C\u00e2maras de Comercio, no \u00e2mbito da implementa\u00e7\u00e3o do Instituto de Certifica\u00e7\u00e3o e Forma\u00e7\u00e3o da CPLP-GE. A Comitiva era [&hellip;]<!-- AddThis Advanced Settings generic via filter on wp_trim_excerpt --><!-- AddThis Share Buttons generic via filter on wp_trim_excerpt --><\/p>\n","protected":false},"author":2,"featured_media":4300,"comment_status":"closed","ping_status":"closed","sticky":false,"template":"","format":"gallery","meta":[],"categories":[72],"tags":[],"featured_image_src":{"landsacpe":["https:\/\/www.ifcplp.org\/wp-content\/uploads\/2017\/03\/GE_1_Fev_2017-1024x445.jpg",1024,445,true],"list":["https:\/\/www.ifcplp.org\/wp-content\/uploads\/2017\/03\/GE_1_Fev_2017-463x348.jpg",463,348,true],"medium":["https:\/\/www.ifcplp.org\/wp-content\/uploads\/2017\/03\/GE_1_Fev_2017-300x138.jpg",300,138,true],"full":["https:\/\/www.ifcplp.org\/wp-content\/uploads\/2017\/03\/GE_1_Fev_2017.jpg",1024,471,false]},"yoast_head":"<!-- This site is optimized with the Yoast SEO plugin v15.8 - https:\/\/yoast.com\/wordpress\/plugins\/seo\/ -->\n<title>Reuni\u00f5es com as C\u00e2maras de Comercio, na Guin\u00e9 Equatorial, no \u00e2mbito da implementa\u00e7\u00e3o do Instituto de Certifica\u00e7\u00e3o e Forma\u00e7\u00e3o da CPLP-GE - IF-CECPLP<\/title>\n<meta name=\"robots\" content=\"index, follow, max-snippet:-1, max-image-preview:large, max-video-preview:-1\" \/>\n<link rel=\"canonical\" href=\"https:\/\/www.ifcplp.org\/2017\/02\/12\/reunioes-com-as-camaras-de-comercio-na-guine-equatorial-no-ambito-da-implementacao-do-instituto-de-certificacao-e-formacao-da-cplp-ge\/\" \/>\n<meta property=\"og:locale\" content=\"pt_PT\" \/>\n<meta property=\"og:type\" content=\"article\" \/>\n<meta property=\"og:title\" content=\"Reuni\u00f5es com as C\u00e2maras de Comercio, na Guin\u00e9 Equatorial, no \u00e2mbito da implementa\u00e7\u00e3o do Instituto de Certifica\u00e7\u00e3o e Forma\u00e7\u00e3o da CPLP-GE - IF-CECPLP\" \/>\n<meta property=\"og:description\" content=\"O presidente do Instituto de forma\u00e7\u00e3o deslocou-se \u00e0 Guin\u00e9 Equatorial na semana de 6 a 10 de fevereiro de 2017, nomeadamente \u00e0 Capital, Mabalo e \u00e0 parte continental Bata, para um conjunto de reuni\u00f5es com as respetivas C\u00e2maras de Comercio, no \u00e2mbito da implementa\u00e7\u00e3o do Instituto de Certifica\u00e7\u00e3o e Forma\u00e7\u00e3o da CPLP-GE. A Comitiva era [&hellip;]\" \/>\n<meta property=\"og:url\" content=\"https:\/\/www.ifcplp.org\/2017\/02\/12\/reunioes-com-as-camaras-de-comercio-na-guine-equatorial-no-ambito-da-implementacao-do-instituto-de-certificacao-e-formacao-da-cplp-ge\/\" \/>\n<meta property=\"og:site_name\" content=\"IF-CECPLP\" \/>\n<meta property=\"article:publisher\" content=\"https:\/\/www.facebook.com\/Instituto-de-Forma%c3%a7%c3%a3o-dos-Pa%c3%adses-de-L%c3%adngua-Portuguesa-576908179123903\/\" \/>\n<meta property=\"article:published_time\" content=\"2017-02-12T14:09:33+00:00\" \/>\n<meta property=\"article:modified_time\" content=\"2017-03-17T14:15:45+00:00\" \/>\n<meta property=\"og:image\" content=\"https:\/\/www.ifcplp.org\/wp-content\/uploads\/2017\/03\/GE_1_Fev_2017.jpg\" \/>\n\t<meta property=\"og:image:width\" content=\"1024\" \/>\n\t<meta property=\"og:image:height\" content=\"471\" \/>\n<meta name=\"twitter:card\" content=\"summary_large_image\" \/>\n<meta name=\"twitter:label1\" content=\"Est. reading time\">\n\t<meta name=\"twitter:data1\" content=\"1 minuto\">\n<script type=\"application\/ld+json\" class=\"yoast-schema-graph\">{\"@context\":\"https:\/\/schema.org\",\"@graph\":[{\"@type\":\"Organization\",\"@id\":\"https:\/\/www.ifcplp.org\/#organization\",\"name\":\"Instituto de Forma\\u00e7\\u00e3o Paises de L\\u00edngua Oficial Portuguesa\",\"url\":\"https:\/\/www.ifcplp.org\/\",\"sameAs\":[\"https:\/\/www.facebook.com\/Instituto-de-Forma\\u00e7\\u00e3o-dos-Pa\\u00edses-de-L\\u00edngua-Portuguesa-576908179123903\/\",\"https:\/\/www.youtube.com\/channel\/UC7ij4_ImA2Aqe0An9Zb4N3w\"],\"logo\":{\"@type\":\"ImageObject\",\"@id\":\"https:\/\/www.ifcplp.org\/#logo\",\"inLanguage\":\"pt-PT\",\"url\":\"https:\/\/www.ifcplp.org\/wp-content\/uploads\/2020\/05\/Instituto-Formacao-PLOP_alt.png\",\"width\":499,\"height\":176,\"caption\":\"Instituto de Forma\\u00e7\\u00e3o Paises de L\\u00edngua Oficial Portuguesa\"},\"image\":{\"@id\":\"https:\/\/www.ifcplp.org\/#logo\"}},{\"@type\":\"WebSite\",\"@id\":\"https:\/\/www.ifcplp.org\/#website\",\"url\":\"https:\/\/www.ifcplp.org\/\",\"name\":\"IF-CECPLP\",\"description\":\"Comunidade dos Pa\\u00edses de L\\u00edngua Portuguesa\",\"publisher\":{\"@id\":\"https:\/\/www.ifcplp.org\/#organization\"},\"potentialAction\":[{\"@type\":\"SearchAction\",\"target\":\"https:\/\/www.ifcplp.org\/?s={search_term_string}\",\"query-input\":\"required name=search_term_string\"}],\"inLanguage\":\"pt-PT\"},{\"@type\":\"ImageObject\",\"@id\":\"https:\/\/www.ifcplp.org\/2017\/02\/12\/reunioes-com-as-camaras-de-comercio-na-guine-equatorial-no-ambito-da-implementacao-do-instituto-de-certificacao-e-formacao-da-cplp-ge\/#primaryimage\",\"inLanguage\":\"pt-PT\",\"url\":\"https:\/\/www.ifcplp.org\/wp-content\/uploads\/2017\/03\/GE_1_Fev_2017.jpg\",\"width\":1024,\"height\":471},{\"@type\":\"WebPage\",\"@id\":\"https:\/\/www.ifcplp.org\/2017\/02\/12\/reunioes-com-as-camaras-de-comercio-na-guine-equatorial-no-ambito-da-implementacao-do-instituto-de-certificacao-e-formacao-da-cplp-ge\/#webpage\",\"url\":\"https:\/\/www.ifcplp.org\/2017\/02\/12\/reunioes-com-as-camaras-de-comercio-na-guine-equatorial-no-ambito-da-implementacao-do-instituto-de-certificacao-e-formacao-da-cplp-ge\/\",\"name\":\"Reuni\\u00f5es com as C\\u00e2maras de Comercio, na Guin\\u00e9 Equatorial, no \\u00e2mbito da implementa\\u00e7\\u00e3o do Instituto de Certifica\\u00e7\\u00e3o e Forma\\u00e7\\u00e3o da CPLP-GE - IF-CECPLP\",\"isPartOf\":{\"@id\":\"https:\/\/www.ifcplp.org\/#website\"},\"primaryImageOfPage\":{\"@id\":\"https:\/\/www.ifcplp.org\/2017\/02\/12\/reunioes-com-as-camaras-de-comercio-na-guine-equatorial-no-ambito-da-implementacao-do-instituto-de-certificacao-e-formacao-da-cplp-ge\/#primaryimage\"},\"datePublished\":\"2017-02-12T14:09:33+00:00\",\"dateModified\":\"2017-03-17T14:15:45+00:00\",\"breadcrumb\":{\"@id\":\"https:\/\/www.ifcplp.org\/2017\/02\/12\/reunioes-com-as-camaras-de-comercio-na-guine-equatorial-no-ambito-da-implementacao-do-instituto-de-certificacao-e-formacao-da-cplp-ge\/#breadcrumb\"},\"inLanguage\":\"pt-PT\",\"potentialAction\":[{\"@type\":\"ReadAction\",\"target\":[\"https:\/\/www.ifcplp.org\/2017\/02\/12\/reunioes-com-as-camaras-de-comercio-na-guine-equatorial-no-ambito-da-implementacao-do-instituto-de-certificacao-e-formacao-da-cplp-ge\/\"]}]},{\"@type\":\"BreadcrumbList\",\"@id\":\"https:\/\/www.ifcplp.org\/2017\/02\/12\/reunioes-com-as-camaras-de-comercio-na-guine-equatorial-no-ambito-da-implementacao-do-instituto-de-certificacao-e-formacao-da-cplp-ge\/#breadcrumb\",\"itemListElement\":[{\"@type\":\"ListItem\",\"position\":1,\"item\":{\"@type\":\"WebPage\",\"@id\":\"https:\/\/www.ifcplp.org\/\",\"url\":\"https:\/\/www.ifcplp.org\/\",\"name\":\"In\\u00edcio\"}},{\"@type\":\"ListItem\",\"position\":2,\"item\":{\"@type\":\"WebPage\",\"@id\":\"https:\/\/www.ifcplp.org\/2017\/02\/12\/reunioes-com-as-camaras-de-comercio-na-guine-equatorial-no-ambito-da-implementacao-do-instituto-de-certificacao-e-formacao-da-cplp-ge\/\",\"url\":\"https:\/\/www.ifcplp.org\/2017\/02\/12\/reunioes-com-as-camaras-de-comercio-na-guine-equatorial-no-ambito-da-implementacao-do-instituto-de-certificacao-e-formacao-da-cplp-ge\/\",\"name\":\"Reuni\\u00f5es com as C\\u00e2maras de Comercio, na Guin\\u00e9 Equatorial, no \\u00e2mbito da implementa\\u00e7\\u00e3o do Instituto de Certifica\\u00e7\\u00e3o e Forma\\u00e7\\u00e3o da CPLP-GE\"}}]},{\"@type\":\"Article\",\"@id\":\"https:\/\/www.ifcplp.org\/2017\/02\/12\/reunioes-com-as-camaras-de-comercio-na-guine-equatorial-no-ambito-da-implementacao-do-instituto-de-certificacao-e-formacao-da-cplp-ge\/#article\",\"isPartOf\":{\"@id\":\"https:\/\/www.ifcplp.org\/2017\/02\/12\/reunioes-com-as-camaras-de-comercio-na-guine-equatorial-no-ambito-da-implementacao-do-instituto-de-certificacao-e-formacao-da-cplp-ge\/#webpage\"},\"author\":{\"@id\":\"https:\/\/www.ifcplp.org\/#\/schema\/person\/8d9428a7318bf93d93ef3c6de3b7821b\"},\"headline\":\"Reuni\\u00f5es com as C\\u00e2maras de Comercio, na Guin\\u00e9 Equatorial, no \\u00e2mbito da implementa\\u00e7\\u00e3o do Instituto de Certifica\\u00e7\\u00e3o e Forma\\u00e7\\u00e3o da CPLP-GE\",\"datePublished\":\"2017-02-12T14:09:33+00:00\",\"dateModified\":\"2017-03-17T14:15:45+00:00\",\"mainEntityOfPage\":{\"@id\":\"https:\/\/www.ifcplp.org\/2017\/02\/12\/reunioes-com-as-camaras-de-comercio-na-guine-equatorial-no-ambito-da-implementacao-do-instituto-de-certificacao-e-formacao-da-cplp-ge\/#webpage\"},\"publisher\":{\"@id\":\"https:\/\/www.ifcplp.org\/#organization\"},\"image\":{\"@id\":\"https:\/\/www.ifcplp.org\/2017\/02\/12\/reunioes-com-as-camaras-de-comercio-na-guine-equatorial-no-ambito-da-implementacao-do-instituto-de-certificacao-e-formacao-da-cplp-ge\/#primaryimage\"},\"articleSection\":\"F\\u00f3runs\",\"inLanguage\":\"pt-PT\"},{\"@type\":\"Person\",\"@id\":\"https:\/\/www.ifcplp.org\/#\/schema\/person\/8d9428a7318bf93d93ef3c6de3b7821b\",\"name\":\"editorifcplp\",\"image\":{\"@type\":\"ImageObject\",\"@id\":\"https:\/\/www.ifcplp.org\/#personlogo\",\"inLanguage\":\"pt-PT\",\"url\":\"https:\/\/secure.gravatar.com\/avatar\/83d9fff195185d64bda194f080b0c214?s=96&d=mm&r=g\",\"caption\":\"editorifcplp\"}}]}<\/script>\n<!-- \/ Yoast SEO plugin. -->","_links":{"self":[{"href":"https:\/\/www.ifcplp.org\/api\/wp\/v2\/posts\/4303"}],"collection":[{"href":"https:\/\/www.ifcplp.org\/api\/wp\/v2\/posts"}],"about":[{"href":"https:\/\/www.ifcplp.org\/api\/wp\/v2\/types\/post"}],"author":[{"embeddable":true,"href":"https:\/\/www.ifcplp.org\/api\/wp\/v2\/users\/2"}],"replies":[{"embeddable":true,"href":"https:\/\/www.ifcplp.org\/api\/wp\/v2\/comments?post=4303"}],"version-history":[{"count":1,"href":"https:\/\/www.ifcplp.org\/api\/wp\/v2\/posts\/4303\/revisions"}],"predecessor-version":[{"id":4304,"href":"https:\/\/www.ifcplp.org\/api\/wp\/v2\/posts\/4303\/revisions\/4304"}],"wp:featuredmedia":[{"embeddable":true,"href":"https:\/\/www.ifcplp.org\/api\/wp\/v2\/media\/4300"}],"wp:attachment":[{"href":"https:\/\/www.ifcplp.org\/api\/wp\/v2\/media?parent=4303"}],"wp:term":[{"taxonomy":"category","embeddable":true,"href":"https:\/\/www.ifcplp.org\/api\/wp\/v2\/categories?post=4303"},{"taxonomy":"post_tag","embeddable":true,"href":"https:\/\/www.ifcplp.org\/api\/wp\/v2\/tags?post=4303"}],"curies":[{"name":"wp","href":"https:\/\/api.w.org\/{rel}","templated":true}]}}