{"id":8268,"date":"2020-05-28T09:01:41","date_gmt":"2020-05-28T09:01:41","guid":{"rendered":"https:\/\/www.ifcplp.org\/?p=8268"},"modified":"2020-05-28T09:41:53","modified_gmt":"2020-05-28T09:41:53","slug":"empresas-em-lay-off","status":"publish","type":"post","link":"https:\/\/www.ifcplp.org\/2020\/05\/28\/empresas-em-lay-off\/","title":{"rendered":"Apoio \u00e0 Manuten\u00e7\u00e3o de Contratos de Trabalho &#8211; Bolsa de Forma\u00e7\u00e3o \u00e0s Empresas e Trabalhadores em Lay-Off"},"content":{"rendered":"\n<div class=\"wp-block-group\"><div class=\"wp-block-group__inner-container\">\n<div class=\"wp-block-group\"><div class=\"wp-block-group__inner-container\">\n<p>Na qualidade de entidade formadora certificada pela DGERT, assim como, entidade aprovada pelo IEFP no \u00e2mbito da medida de apoio extraordin\u00e1rio \u00e0s empresas, estamos a apoiar as empresas na defini\u00e7\u00e3o do seu plano de forma\u00e7\u00e3o. Apoiamos tamb\u00e9m a formaliza\u00e7\u00e3o do processo junto do IEFP e realizamos a forma\u00e7\u00e3o, seja presencial ou por e-learning.<\/p>\n<\/div><\/div>\n\n\n\n<p>As entidades que se encontrem em regime de lay-off podem acumular este apoio com um plano de forma\u00e7\u00e3o aprovado pelo IEFP, com o objetivo de assegurar a manuten\u00e7\u00e3o dos postos de trabalho e o refor\u00e7o das compet\u00eancias dos trabalhadores.<\/p>\n\n\n\n<p>Apoios:<\/p>\n\n\n\n<p>1. Bolsa de Forma\u00e7\u00e3o \u2013 \u00c9 atribu\u00eddo o valor de 131,64\u20ac repartido em partes iguais, ao trabalhador e \u00e0 entidade empregadora, ou seja, a entidade empregadora recebe 50% (65,82\u20ac) e trabalhador recebe 50% (65,82);<\/p>\n\n\n\n<p>2. Subs\u00eddio de alimenta\u00e7\u00e3o \u2013 \u00c9 atribu\u00eddo aos trabalhadores um valor de 4,77\u20ac, nos dias em que a frequ\u00eancia da forma\u00e7\u00e3o seja igual ou superior a tr\u00eas horas. A concess\u00e3o deste apoio est\u00e1 condicionada a que a forma\u00e7\u00e3o seja ministrada presencialmente e o trabalhador n\u00e3o aufira outro tipo de apoio correspondente.<\/p>\n\n\n\n<p>Saiba como beneficiar do Apoio e Bolsa de Forma\u00e7\u00e3o!<\/p>\n\n\n\n<p>Mais informa\u00e7\u00f5es: if@ifcplp.org&nbsp; ou 253 495 738.<\/p>\n<\/div><\/div>\n\n\n\n<p><\/p>\n<!-- AddThis Advanced Settings generic via filter on the_content --><!-- AddThis Share Buttons generic via filter on the_content -->","protected":false},"excerpt":{"rendered":"<p><!-- AddThis Advanced Settings generic via filter on wp_trim_excerpt --><!-- AddThis Share Buttons generic via filter on wp_trim_excerpt --><\/p>\n","protected":false},"author":2,"featured_media":0,"comment_status":"closed","ping_status":"closed","sticky":false,"template":"","format":"standard","meta":[],"categories":[77],"tags":[],"featured_image_src":{"landsacpe":false,"list":false,"medium":false,"full":false},"yoast_head":"<!-- This site is optimized with the Yoast SEO plugin v15.8 - https:\/\/yoast.com\/wordpress\/plugins\/seo\/ -->\n<title>Apoio \u00e0 Manuten\u00e7\u00e3o de Contratos de Trabalho - Bolsa de Forma\u00e7\u00e3o \u00e0s Empresas e Trabalhadores em Lay-Off - IF-CECPLP<\/title>\n<meta name=\"robots\" content=\"index, follow, max-snippet:-1, max-image-preview:large, max-video-preview:-1\" \/>\n<link rel=\"canonical\" href=\"http:\/\/www.ifcplp.org\/2020\/05\/28\/empresas-em-lay-off\/\" \/>\n<meta property=\"og:locale\" content=\"pt_PT\" \/>\n<meta property=\"og:type\" content=\"article\" \/>\n<meta property=\"og:title\" content=\"Apoio \u00e0 Manuten\u00e7\u00e3o de Contratos de Trabalho - Bolsa de Forma\u00e7\u00e3o \u00e0s Empresas e Trabalhadores em Lay-Off - IF-CECPLP\" \/>\n<meta property=\"og:url\" content=\"http:\/\/www.ifcplp.org\/2020\/05\/28\/empresas-em-lay-off\/\" \/>\n<meta property=\"og:site_name\" content=\"IF-CECPLP\" \/>\n<meta property=\"article:publisher\" content=\"https:\/\/www.facebook.com\/Instituto-de-Forma%c3%a7%c3%a3o-dos-Pa%c3%adses-de-L%c3%adngua-Portuguesa-576908179123903\/\" \/>\n<meta property=\"article:published_time\" content=\"2020-05-28T09:01:41+00:00\" \/>\n<meta property=\"article:modified_time\" content=\"2020-05-28T09:41:53+00:00\" \/>\n<meta name=\"twitter:card\" content=\"summary_large_image\" \/>\n<meta name=\"twitter:label1\" content=\"Est. reading time\">\n\t<meta name=\"twitter:data1\" content=\"1 minuto\">\n<script type=\"application\/ld+json\" class=\"yoast-schema-graph\">{\"@context\":\"https:\/\/schema.org\",\"@graph\":[{\"@type\":\"Organization\",\"@id\":\"https:\/\/www.ifcplp.org\/#organization\",\"name\":\"Instituto de Forma\\u00e7\\u00e3o Paises de L\\u00edngua Oficial Portuguesa\",\"url\":\"https:\/\/www.ifcplp.org\/\",\"sameAs\":[\"https:\/\/www.facebook.com\/Instituto-de-Forma\\u00e7\\u00e3o-dos-Pa\\u00edses-de-L\\u00edngua-Portuguesa-576908179123903\/\",\"https:\/\/www.youtube.com\/channel\/UC7ij4_ImA2Aqe0An9Zb4N3w\"],\"logo\":{\"@type\":\"ImageObject\",\"@id\":\"https:\/\/www.ifcplp.org\/#logo\",\"inLanguage\":\"pt-PT\",\"url\":\"https:\/\/www.ifcplp.org\/wp-content\/uploads\/2020\/05\/Instituto-Formacao-PLOP_alt.png\",\"width\":499,\"height\":176,\"caption\":\"Instituto de Forma\\u00e7\\u00e3o Paises de L\\u00edngua Oficial Portuguesa\"},\"image\":{\"@id\":\"https:\/\/www.ifcplp.org\/#logo\"}},{\"@type\":\"WebSite\",\"@id\":\"https:\/\/www.ifcplp.org\/#website\",\"url\":\"https:\/\/www.ifcplp.org\/\",\"name\":\"IF-CECPLP\",\"description\":\"Comunidade dos Pa\\u00edses de L\\u00edngua Portuguesa\",\"publisher\":{\"@id\":\"https:\/\/www.ifcplp.org\/#organization\"},\"potentialAction\":[{\"@type\":\"SearchAction\",\"target\":\"https:\/\/www.ifcplp.org\/?s={search_term_string}\",\"query-input\":\"required name=search_term_string\"}],\"inLanguage\":\"pt-PT\"},{\"@type\":\"WebPage\",\"@id\":\"http:\/\/www.ifcplp.org\/2020\/05\/28\/empresas-em-lay-off\/#webpage\",\"url\":\"http:\/\/www.ifcplp.org\/2020\/05\/28\/empresas-em-lay-off\/\",\"name\":\"Apoio \\u00e0 Manuten\\u00e7\\u00e3o de Contratos de Trabalho - Bolsa de Forma\\u00e7\\u00e3o \\u00e0s Empresas e Trabalhadores em Lay-Off - IF-CECPLP\",\"isPartOf\":{\"@id\":\"https:\/\/www.ifcplp.org\/#website\"},\"datePublished\":\"2020-05-28T09:01:41+00:00\",\"dateModified\":\"2020-05-28T09:41:53+00:00\",\"breadcrumb\":{\"@id\":\"http:\/\/www.ifcplp.org\/2020\/05\/28\/empresas-em-lay-off\/#breadcrumb\"},\"inLanguage\":\"pt-PT\",\"potentialAction\":[{\"@type\":\"ReadAction\",\"target\":[\"http:\/\/www.ifcplp.org\/2020\/05\/28\/empresas-em-lay-off\/\"]}]},{\"@type\":\"BreadcrumbList\",\"@id\":\"http:\/\/www.ifcplp.org\/2020\/05\/28\/empresas-em-lay-off\/#breadcrumb\",\"itemListElement\":[{\"@type\":\"ListItem\",\"position\":1,\"item\":{\"@type\":\"WebPage\",\"@id\":\"https:\/\/www.ifcplp.org\/\",\"url\":\"https:\/\/www.ifcplp.org\/\",\"name\":\"In\\u00edcio\"}},{\"@type\":\"ListItem\",\"position\":2,\"item\":{\"@type\":\"WebPage\",\"@id\":\"http:\/\/www.ifcplp.org\/2020\/05\/28\/empresas-em-lay-off\/\",\"url\":\"http:\/\/www.ifcplp.org\/2020\/05\/28\/empresas-em-lay-off\/\",\"name\":\"Apoio \\u00e0 Manuten\\u00e7\\u00e3o de Contratos de Trabalho &#8211; Bolsa de Forma\\u00e7\\u00e3o \\u00e0s Empresas e Trabalhadores em Lay-Off\"}}]},{\"@type\":\"Article\",\"@id\":\"http:\/\/www.ifcplp.org\/2020\/05\/28\/empresas-em-lay-off\/#article\",\"isPartOf\":{\"@id\":\"http:\/\/www.ifcplp.org\/2020\/05\/28\/empresas-em-lay-off\/#webpage\"},\"author\":{\"@id\":\"https:\/\/www.ifcplp.org\/#\/schema\/person\/8d9428a7318bf93d93ef3c6de3b7821b\"},\"headline\":\"Apoio \\u00e0 Manuten\\u00e7\\u00e3o de Contratos de Trabalho &#8211; Bolsa de Forma\\u00e7\\u00e3o \\u00e0s Empresas e Trabalhadores em Lay-Off\",\"datePublished\":\"2020-05-28T09:01:41+00:00\",\"dateModified\":\"2020-05-28T09:41:53+00:00\",\"mainEntityOfPage\":{\"@id\":\"http:\/\/www.ifcplp.org\/2020\/05\/28\/empresas-em-lay-off\/#webpage\"},\"publisher\":{\"@id\":\"https:\/\/www.ifcplp.org\/#organization\"},\"articleSection\":\"Forma\\u00e7\\u00e3o\",\"inLanguage\":\"pt-PT\"},{\"@type\":\"Person\",\"@id\":\"https:\/\/www.ifcplp.org\/#\/schema\/person\/8d9428a7318bf93d93ef3c6de3b7821b\",\"name\":\"editorifcplp\",\"image\":{\"@type\":\"ImageObject\",\"@id\":\"https:\/\/www.ifcplp.org\/#personlogo\",\"inLanguage\":\"pt-PT\",\"url\":\"https:\/\/secure.gravatar.com\/avatar\/83d9fff195185d64bda194f080b0c214?s=96&d=mm&r=g\",\"caption\":\"editorifcplp\"}}]}<\/script>\n<!-- \/ Yoast SEO plugin. -->","_links":{"self":[{"href":"https:\/\/www.ifcplp.org\/api\/wp\/v2\/posts\/8268"}],"collection":[{"href":"https:\/\/www.ifcplp.org\/api\/wp\/v2\/posts"}],"about":[{"href":"https:\/\/www.ifcplp.org\/api\/wp\/v2\/types\/post"}],"author":[{"embeddable":true,"href":"https:\/\/www.ifcplp.org\/api\/wp\/v2\/users\/2"}],"replies":[{"embeddable":true,"href":"https:\/\/www.ifcplp.org\/api\/wp\/v2\/comments?post=8268"}],"version-history":[{"count":9,"href":"https:\/\/www.ifcplp.org\/api\/wp\/v2\/posts\/8268\/revisions"}],"predecessor-version":[{"id":8283,"href":"https:\/\/www.ifcplp.org\/api\/wp\/v2\/posts\/8268\/revisions\/8283"}],"wp:attachment":[{"href":"https:\/\/www.ifcplp.org\/api\/wp\/v2\/media?parent=8268"}],"wp:term":[{"taxonomy":"category","embeddable":true,"href":"https:\/\/www.ifcplp.org\/api\/wp\/v2\/categories?post=8268"},{"taxonomy":"post_tag","embeddable":true,"href":"https:\/\/www.ifcplp.org\/api\/wp\/v2\/tags?post=8268"}],"curies":[{"name":"wp","href":"https:\/\/api.w.org\/{rel}","templated":true}]}}